{"id":34989,"date":"2018-07-05T14:30:52","date_gmt":"2018-07-05T18:30:52","guid":{"rendered":"http:\/\/www.brazilianpress.com\/v1\/?p=34989"},"modified":"2018-07-05T14:30:52","modified_gmt":"2018-07-05T18:30:52","slug":"aspirantes-democratas-a-presidencia-propoem-a-eliminacao-do-ice","status":"publish","type":"post","link":"https:\/\/www.brazilianpress.com\/v1\/2018\/07\/05\/aspirantes-democratas-a-presidencia-propoem-a-eliminacao-do-ice\/","title":{"rendered":"Aspirantes democratas \u00e0 presid\u00eancia prop\u00f5em a elimina\u00e7\u00e3o do ICE"},"content":{"rendered":"<p>V\u00e1rios democratas que correr\u00e3o \u00e0 Casa Branca em 2020, procuram fortalecer sua imagem progressiva com chamadas para que sejam feitas grandes mudan\u00e7as na imigra\u00e7\u00e3o e alguns propuseram o desaparecimento imediato da principal ag\u00eancia de aplica\u00e7\u00e3o da lei federal da imigra\u00e7\u00e3o.<\/p>\n<p>O senador Kirsten Gillibrand, de New York, disse que o ICE &#8220;tornou-se uma for\u00e7a de deporta\u00e7\u00e3o&#8221;. &#8220;Temos que nos livrar dele, come\u00e7ar de novo, redesenh\u00e1-lo e construir algo que realmente funcione&#8221;, disse Gillibrand. A posi\u00e7\u00e3o de Gillibrand \u00e9 semelhante \u00e0 apresentada pelo senador Kamala Harris, da Calif\u00f3rnia, na semana passada. Em entrevistas com v\u00e1rios meios de comunica\u00e7\u00e3o, Harris apontou que o governo &#8220;talvez&#8221; ou &#8220;provavelmente&#8221; deveria &#8220;come\u00e7ar do zero&#8221; em rela\u00e7\u00e3o a uma ag\u00eancia de imigra\u00e7\u00e3o.<\/p>\n<p>O senador Bernie Sanders de Vermont, n\u00e3o sugere o desmantelamento do ICE ao contr\u00e1rio de v\u00e1rios de seus colegas. No entanto, ele ressaltou que se op\u00f4s \u00e0 lei de 2002 que abriu o caminho para o ICE substituir o antigo Servi\u00e7o de Imigra\u00e7\u00e3o e Naturaliza\u00e7\u00e3o, ap\u00f3s os ataques de 11 de Setembro, de 2001. O ICE, parte do Departamento de Seguran\u00e7a Interna, est\u00e1 encarregado de impor centenas de estatutos federais de imigra\u00e7\u00e3o. A controv\u00e9rsia sobre o futuro da ag\u00eancia coincide com indigna\u00e7\u00e3o generalizada nas \u00faltimas semanas depois que o governo do presidente Donald Trump separou mais de 2.000 crian\u00e7as migrantes de seus pais.<\/p>\n<p>As propostas democratas para suprimir a ag\u00eancia destacam o ato de equil\u00edbrio que o partido enfrenta em quest\u00f5es de imigra\u00e7\u00e3o. Uma postura nesse sentido seria in\u00fatil para os 10 senadores democratas que buscam a reelei\u00e7\u00e3o em estados que Trump venceu em 2016 e onde pontos de vista conservadores sobre imigra\u00e7\u00e3o prevalecem. No entanto, a proposta de acabar com o ICE pode ser decisiva para os democratas que procuram atrair bases partid\u00e1rias nas elei\u00e7\u00f5es prim\u00e1rias presidenciais de 2020.<\/p>\n","protected":false},"excerpt":{"rendered":"<p>V\u00e1rios democratas que correr\u00e3o \u00e0 Casa Branca em 2020, procuram fortalecer sua imagem progressiva com chamadas para que sejam feitas grandes mudan\u00e7as na imigra\u00e7\u00e3o e alguns propuseram o desaparecimento imediato da principal ag\u00eancia de aplica\u00e7\u00e3o da lei federal da imigra\u00e7\u00e3o. O senador Kirsten Gillibrand, de New York, disse que o ICE &#8220;tornou-se uma for\u00e7a de deporta\u00e7\u00e3o&#8221;. &#8220;Temos que nos livrar dele, come\u00e7ar de novo, redesenh\u00e1-lo e construir algo que realmente funcione&#8221;, disse Gillibrand. A posi\u00e7\u00e3o de Gillibrand \u00e9 semelhante \u00e0 apresentada pelo senador Kamala Harris, da Calif\u00f3rnia, na semana passada. Em entrevistas com v\u00e1rios meios de comunica\u00e7\u00e3o, Harris apontou que [&hellip;]<\/p>\n","protected":false},"author":1,"featured_media":34990,"comment_status":"open","ping_status":"open","sticky":false,"template":"","format":"standard","meta":{"_links_to":"","_links_to_target":""},"categories":[4,1],"tags":[],"views":1393,"_links":{"self":[{"href":"https:\/\/www.brazilianpress.com\/v1\/wp-json\/wp\/v2\/posts\/34989"}],"collection":[{"href":"https:\/\/www.brazilianpress.com\/v1\/wp-json\/wp\/v2\/posts"}],"about":[{"href":"https:\/\/www.brazilianpress.com\/v1\/wp-json\/wp\/v2\/types\/post"}],"author":[{"embeddable":true,"href":"https:\/\/www.brazilianpress.com\/v1\/wp-json\/wp\/v2\/users\/1"}],"replies":[{"embeddable":true,"href":"https:\/\/www.brazilianpress.com\/v1\/wp-json\/wp\/v2\/comments?post=34989"}],"version-history":[{"count":1,"href":"https:\/\/www.brazilianpress.com\/v1\/wp-json\/wp\/v2\/posts\/34989\/revisions"}],"predecessor-version":[{"id":34991,"href":"https:\/\/www.brazilianpress.com\/v1\/wp-json\/wp\/v2\/posts\/34989\/revisions\/34991"}],"wp:featuredmedia":[{"embeddable":true,"href":"https:\/\/www.brazilianpress.com\/v1\/wp-json\/wp\/v2\/media\/34990"}],"wp:attachment":[{"href":"https:\/\/www.brazilianpress.com\/v1\/wp-json\/wp\/v2\/media?parent=34989"}],"wp:term":[{"taxonomy":"category","embeddable":true,"href":"https:\/\/www.brazilianpress.com\/v1\/wp-json\/wp\/v2\/categories?post=34989"},{"taxonomy":"post_tag","embeddable":true,"href":"https:\/\/www.brazilianpress.com\/v1\/wp-json\/wp\/v2\/tags?post=34989"}],"curies":[{"name":"wp","href":"https:\/\/api.w.org\/{rel}","templated":true}]}}