{"id":356,"date":"2013-05-02T13:41:06","date_gmt":"2013-05-02T17:41:06","guid":{"rendered":"http:\/\/www.brazilianpress.com\/v1\/?p=356"},"modified":"2013-05-09T12:12:33","modified_gmt":"2013-05-09T16:12:33","slug":"milhares-de-imigrantes-ficarao-de-fora-da-reforma-da-imigracao-de-obama","status":"publish","type":"post","link":"https:\/\/www.brazilianpress.com\/v1\/2013\/05\/02\/milhares-de-imigrantes-ficarao-de-fora-da-reforma-da-imigracao-de-obama\/","title":{"rendered":"Milhares de imigrantes ficar\u00e3o de fora da reforma da imigra\u00e7\u00e3o de Obama"},"content":{"rendered":"<p>Embora a lei de reforma da imigra\u00e7\u00e3o que o Senado introduziu este m\u00eas ajudar\u00e1 a sair das sombras alguns dos 11 milh\u00f5es de pessoas que vivem de forma ilegal nos Estados Unidos, outros milhares deles n\u00e3o se beneficiar\u00e3o com isso por n\u00e3o cumprirem certas regras.<\/p>\n<p><img class=\"alignnone size-full wp-image-357\" alt=\"Print\" src=\"http:\/\/www.brazilianpress.com\/v1\/wp-content\/uploads\/2013\/05\/imigracao.jpg\" width=\"480\" srcset=\"https:\/\/www.brazilianpress.com\/v1\/wp-content\/uploads\/2013\/05\/imigracao.jpg 640w, https:\/\/www.brazilianpress.com\/v1\/wp-content\/uploads\/2013\/05\/imigracao-300x169.jpg 300w\" sizes=\"(max-width: 640px) 100vw, 640px\" \/><\/p>\n<p>Entre os exclu\u00eddos est\u00e3o aqueles que chegaram depois de 31 de dezembro de 2011, os casais homossexuais em que um dos dois reside legalmente nos Estados Unidos, os irm\u00e3os de cidad\u00e3os norte-americanos e muitos que foram deportados por v\u00e1rias causas.<\/p>\n<p><!--more-->Como a rede de imigra\u00e7\u00e3o do M\u00e9xico no momento \u00e9 quase zero, acredita-se ser relativamente pequeno o n\u00famero de pessoas que entraram no pa\u00eds a partir de janeiro de 2012, possivelmente algumas centenas de milhares.<\/p>\n<p>At\u00e9 agora, os defensores da imigra\u00e7\u00e3o t\u00eam demonstrado uma vontade limitada para lutar para que o benef\u00edcio seja estendido, enquanto se preparam para uma dura batalha no Congresso.<\/p>\n<p>Algumas pessoas apontam para outras medidas na legisla\u00e7\u00e3o, tais como a pessoa ter que esperar um per\u00edodo de 13 anos para obter a cidadania, o que consideram muito tempo e a aprova\u00e7\u00e3o de um or\u00e7amento de $4.500 milh\u00f5es de d\u00f3lares para aumentar a seguran\u00e7a na fronteira.<\/p>\n<p>&#8220;O projeto de reforma da imigra\u00e7\u00e3o n\u00e3o vai incluir a todos&#8221;, disse Laura Lichter, presidente da American Immigration Lawyers Association dos EUA. &#8220;Ele n\u00e3o \u00e9 perfeito.\u00c9 apenas bom&#8221;, disse ela.<\/p>\n<p>Peter Nunez, que apoia as pol\u00edticas restritivas e \u00e9 presidente do Centro de Estudos sobre Imigra\u00e7\u00e3o em Washington, deu uma nota entre oito e nove ao projeto em uma escala de 1 a 10, sendo que 10 representa o mais inclusivo.<\/p>\n<p>Nunez criticou uma medida que permite que as pessoas deportadas que estavam ilegalmente no pa\u00eds e que n\u00e3o t\u00eam registros criminais possam voltar se tiverem esposas ou filhos nascidos nos Estados Unidos, para contribuir para o reagrupamento familiar.<\/p>\n<p>O governo desqualifica para aplica\u00e7\u00f5es quem tem condena\u00e7\u00e3o por dirigir embriagado, por viol\u00eancia dom\u00e9stica, tr\u00e1fico de drogas e outros crimes. O projeto do Senado prev\u00ea que podem candidatar-se a licen\u00e7as de trabalho quem acumular tr\u00eas contraven\u00e7\u00f5es ou um crime leve.<\/p>\n<p>As deporta\u00e7\u00f5es somaram 400.000 no ano fiscal de 2012, mais do que o dobro nos sete anos anteriores, os mexicanos afetados foram enviados para as cidades de fronteira como Tijuana, onde muitas vezes t\u00eam dificuldade em encontrar trabalho e cerca de 10% dos deportados falam pouco ou nenhum espanhol, como Salvador Herrera IV, 28, que foi trazido para os Estados Unidos quando tinha dois anos no banco de tr\u00e1s de um carro e cresceu patinando e jogando basquete em Long Beach. Ele foi condenado por roubo de ve\u00edculo e assim fica exclu\u00eddo da legaliza\u00e7\u00e3o.<\/p>\n<p>N\u00e3o esquecer que a proposta prev\u00ea um prazo de dez anos para a legaliza\u00e7\u00e3o e mais tr\u00eas para a cidadania, pagamento de multa de $2.000 d\u00f3lares, pagar ou demonstrar que pagam impostos em dia, submeter-se a verifica\u00e7\u00e3o de antecedentes criminais e de domic\u00edlio.<\/p>\n","protected":false},"excerpt":{"rendered":"<p>Embora a lei de reforma da imigra\u00e7\u00e3o que o Senado introduziu este m\u00eas ajudar\u00e1 a sair das sombras alguns dos 11 milh\u00f5es de pessoas que vivem de forma ilegal nos Estados Unidos, outros milhares deles n\u00e3o se beneficiar\u00e3o com isso por n\u00e3o cumprirem certas regras. Entre os exclu\u00eddos est\u00e3o aqueles que chegaram depois de 31 de dezembro de 2011, os casais homossexuais em que um dos dois reside legalmente nos Estados Unidos, os irm\u00e3os de cidad\u00e3os norte-americanos e muitos que foram deportados por v\u00e1rias causas.<\/p>\n","protected":false},"author":1,"featured_media":357,"comment_status":"open","ping_status":"open","sticky":false,"template":"","format":"standard","meta":{"_links_to":"","_links_to_target":""},"categories":[4,1],"tags":[],"views":3544,"_links":{"self":[{"href":"https:\/\/www.brazilianpress.com\/v1\/wp-json\/wp\/v2\/posts\/356"}],"collection":[{"href":"https:\/\/www.brazilianpress.com\/v1\/wp-json\/wp\/v2\/posts"}],"about":[{"href":"https:\/\/www.brazilianpress.com\/v1\/wp-json\/wp\/v2\/types\/post"}],"author":[{"embeddable":true,"href":"https:\/\/www.brazilianpress.com\/v1\/wp-json\/wp\/v2\/users\/1"}],"replies":[{"embeddable":true,"href":"https:\/\/www.brazilianpress.com\/v1\/wp-json\/wp\/v2\/comments?post=356"}],"version-history":[{"count":3,"href":"https:\/\/www.brazilianpress.com\/v1\/wp-json\/wp\/v2\/posts\/356\/revisions"}],"predecessor-version":[{"id":470,"href":"https:\/\/www.brazilianpress.com\/v1\/wp-json\/wp\/v2\/posts\/356\/revisions\/470"}],"wp:featuredmedia":[{"embeddable":true,"href":"https:\/\/www.brazilianpress.com\/v1\/wp-json\/wp\/v2\/media\/357"}],"wp:attachment":[{"href":"https:\/\/www.brazilianpress.com\/v1\/wp-json\/wp\/v2\/media?parent=356"}],"wp:term":[{"taxonomy":"category","embeddable":true,"href":"https:\/\/www.brazilianpress.com\/v1\/wp-json\/wp\/v2\/categories?post=356"},{"taxonomy":"post_tag","embeddable":true,"href":"https:\/\/www.brazilianpress.com\/v1\/wp-json\/wp\/v2\/tags?post=356"}],"curies":[{"name":"wp","href":"https:\/\/api.w.org\/{rel}","templated":true}]}}