{"id":36654,"date":"2018-11-01T15:43:18","date_gmt":"2018-11-01T19:43:18","guid":{"rendered":"http:\/\/www.brazilianpress.com\/v1\/?p=36654"},"modified":"2018-11-01T15:43:38","modified_gmt":"2018-11-01T19:43:38","slug":"extra-sergio-moro-aceita-convite-e-sera-ministro-da-justica-do-governo-bolsonaro","status":"publish","type":"post","link":"https:\/\/www.brazilianpress.com\/v1\/2018\/11\/01\/extra-sergio-moro-aceita-convite-e-sera-ministro-da-justica-do-governo-bolsonaro\/","title":{"rendered":"Extra: Sergio Moro aceita convite e ser\u00e1 Ministro da Justi\u00e7a do Governo Bolsonaro"},"content":{"rendered":"<p><strong>Sergio Moro e Jair Bolsonaro se reuniram no Rio de Janeiro para discutir a montagem do novo Minist\u00e9rio da Justi\u00e7a.<\/strong><\/p>\n<p>O juiz federal Sergio Moro, respons\u00e1vel pelos processos da Opera\u00e7\u00e3o Lava-Jato em Curitiba, aceitou nesta quinta-feira assumir o Minist\u00e9rio da Justi\u00e7a no governo de Jair Bolsonaro. O magistrado se reuniu por quase duas horas com o presidente eleito em um condom\u00ednio na Barra da Tijuca, no Rio de Janeiro. Com a decis\u00e3o, Moro vai se afastar imediatamente dos processos relacionados ao esc\u00e2ndalo do corrup\u00e7\u00e3o na Petrobras. A ju\u00edza substituta Gabriela Hardt, que na Lava-Jato determinou a pris\u00e3o do ex-ministro Jos\u00e9 Dirceu, assume temporariamente os casos.<\/p>\n<p>\u201cFui convidado pelo Sr. Presidente eleito para ser nomeado Ministro da Justi\u00e7a e da Seguran\u00e7a P\u00fablica na pr\u00f3xima gest\u00e3o. Apos reuni\u00e3o pessoal na qual foram discutidas politicas para a pasta, aceitei o honrado convite. Fiz com certo pesar pois terei que abandonar 22 anos de magistratura. No entanto, a perspectiva de implementar uma forte agenda anticorrup\u00e7\u00e3o e anticrime organizado, com respeito a Constitui\u00e7\u00e3o, a lei e aos direitos, levaram-me a tomar esta decis\u00e3o. Na pr\u00e1tica, significa consolidar os avan\u00e7os contra o crime e a corrup\u00e7\u00e3o dos \u00faltimos anos e afastar riscos de retrocessos por um bem maior. A Opera\u00e7\u00e3o Lava-Jato seguir\u00e1 em Curitiba com os valorosos ju\u00edzes locais. De todo modo, para evitar controv\u00e9rsias desnecess\u00e1rias, devo desde logo afastar-me de novas audi\u00eancias. Na pr\u00f3xima semana, concederei entrevista coletiva com maiores detalhes\u201d, disse o juiz em nota.<\/p>\n<p><img src=\"http:\/\/imagens.ebc.com.br\/XqJ3anq7O_QQ3BSSTR2-aijs5g0=\/754x0\/smart\/http:\/\/agenciabrasil.ebc.com.br\/sites\/default\/files\/thumbnails\/image\/636766821043796405.jpg?itok=LjSmRfxr\" alt=\"Resultado de imagem para sergio moro\" \/><\/p>\n<p>Nos \u00faltimos dias, Moro ouviu pondera\u00e7\u00f5es sobre os pr\u00f3s e contras de assumir um cargo executivo. Al\u00e9m de ter de deixar a magistratura \u2013 o que dever\u00e1 ser conclu\u00eddo nos pr\u00f3ximos meses \u2013 o juiz ter\u00e1 de lidar com o discurso de petistas de que suas senten\u00e7as no petrol\u00e3o \u2013 que at\u00e9 o momento foram respons\u00e1veis por 215 condena\u00e7\u00f5es contra 140 pessoas \u2013 tiveram vi\u00e9s pol\u00edtico.<\/p>\n<p>A narrativa do PT tende a ser potencializada com a proximidade da conclus\u00e3o do processo em que o ex-presidente Lula \u00e9 acusado de ter recebido um terreno e um apartamento como propina da empreiteira Odebrecht. Dentro de duas semanas, o ex-presidente deveria ficar cara a cara com o juiz durante depoimento em que Lula \u00e9 acusado de ter sido beneficiado pelas empreiteiras OAS e Odebrecht com reformas em um s\u00edtio em Atibaia. Com a decis\u00e3o de Moro de se tornar ministro, o magistrado n\u00e3o vai mais tomar o depoimento do petista. Na noite desta quarta-feira, a defesa de Lula questionou mais uma vez a isen\u00e7\u00e3o do magistrado ao julgar o petista e pela primeira vez usou como argumento o fato de o juiz ter se aproximado do presidente eleito Jair Bolsonaro, o mesmo que havia afirmado, ao longo da campanha, que pretendia \u201cfuzilar a petralhada\u201d.<\/p>\n<p><img src=\"https:\/\/s2.glbimg.com\/yOKVCfQVbVsewWSQ0bxpGHLn59c=\/1200x\/smart\/filters:cover():strip_icc()\/i.s3.glbimg.com\/v1\/AUTH_59edd422c0c84a879bd37670ae4f538a\/internal_photos\/bs\/2018\/o\/G\/oc5IpFQPyzrHTqH5E5lw\/sergiomoro.jpg\" alt=\"Resultado de imagem para sergio moro\" \/><\/p>\n<p>Desde o in\u00edcio da Lava-Jato, em mar\u00e7o de 2014, sempre que questionado, Sergio Moro negou ter pretens\u00f5es pol\u00edticas. Suas aspira\u00e7\u00f5es giravam em torno da possibilidade de ser indicado a uma cadeira no Supremo Tribunal Federal (STF), mas a pr\u00f3xima vaga s\u00f3 ser\u00e1 aberta em 2020, com a aposentadoria compuls\u00f3ria do decano Celso de Mello.<\/p>\n<p>Durante entrevista \u00e0 RecordTV na \u00faltima segunda-feira, o presidente eleito afirmou a sua pretens\u00e3o de ter Sergio Moro ou no Minist\u00e9rio da Justi\u00e7a ou no STF, quando a vaga estiver dispon\u00edvel. No mesmo dia, falando ao Jornal Nacional, Jair Bolsonaro defendeu o juiz Moro como \u201cum s\u00edmbolo do Brasil\u201d. \u201c\u00c9 um homem que tem que ter seu trabalho reconhecido. Pretendo conversar com ele, convid\u00e1-lo para o Minist\u00e9rio da Justi\u00e7a ou, no futuro, abrindo uma vaga no Supremo Tribunal Federal, na qual melhor ele achasse que ele poderia trabalhar pelo Brasil\u201d.<\/p>\n<p>Em nota divulgada na ter\u00e7a, Moro disse que \u201csobre a men\u00e7\u00e3o p\u00fablica pelo Sr. Presidente eleito ao meu nome para compor o Supremo Tribunal Federal quando houver vaga ou para ser indicado para Ministro da Justi\u00e7a em sua gest\u00e3o, apenas tenho a dizer publicamente que fico honrado com a lembran\u00e7a. Caso efetivado oportunamente o convite, ser\u00e1 objeto de ponderada discuss\u00e3o e reflex\u00e3o\u201d.<\/p>\n<p><img src=\"https:\/\/pleno.news\/wp-content\/uploads\/2018\/11\/12495031-high-1024x683.jpeg\" alt=\"Resultado de imagem para sergio moro\" \/><\/p>\n<p>A edi\u00e7\u00e3o desta semana de VEJA mostrou que ministros do STF acompanham com lupa os movimentos do presidente eleito. A maior parte das preocupa\u00e7\u00f5es dos magistrados n\u00e3o adv\u00e9m do presidente em si, mas da parcela bolsonarista do novo Congresso que saiu das urnas no dia 7 de outubro. Bolsonaro \u00e9 teatral, tem discurso pol\u00edtico inflamado, mas n\u00e3o ficou quase trinta anos no Congresso \u201csem aprendizado\u201d, avaliam ministros do STF. As declara\u00e7\u00f5es do deputado reeleito Eduardo Bolsonaro de que bastariam um soldado e um cabo para fechar o Supremo tamb\u00e9m acenderam um sinal de alerta entre os ministros da mais alta corte do pa\u00eds. Assim que o v\u00eddeo com as declara\u00e7\u00f5es do congressista veio a p\u00fablico, os magistrados se telefonaram e trocaram mensagens entre si. Nas conversas, \u201cimbecil\u201d foi uma das alcunhas mais amenas recebidas pelo parlamentar.<\/p>\n","protected":false},"excerpt":{"rendered":"<p>Sergio Moro e Jair Bolsonaro se reuniram no Rio de Janeiro para discutir a montagem do novo Minist\u00e9rio da Justi\u00e7a. O juiz federal Sergio Moro, respons\u00e1vel pelos processos da Opera\u00e7\u00e3o Lava-Jato em Curitiba, aceitou nesta quinta-feira assumir o Minist\u00e9rio da Justi\u00e7a no governo de Jair Bolsonaro. O magistrado se reuniu por quase duas horas com o presidente eleito em um condom\u00ednio na Barra da Tijuca, no Rio de Janeiro. Com a decis\u00e3o, Moro vai se afastar imediatamente dos processos relacionados ao esc\u00e2ndalo do corrup\u00e7\u00e3o na Petrobras. A ju\u00edza substituta Gabriela Hardt, que na Lava-Jato determinou a pris\u00e3o do ex-ministro Jos\u00e9 [&hellip;]<\/p>\n","protected":false},"author":1,"featured_media":36655,"comment_status":"open","ping_status":"open","sticky":false,"template":"","format":"standard","meta":{"_links_to":"","_links_to_target":""},"categories":[7,3,1],"tags":[],"views":2027,"_links":{"self":[{"href":"https:\/\/www.brazilianpress.com\/v1\/wp-json\/wp\/v2\/posts\/36654"}],"collection":[{"href":"https:\/\/www.brazilianpress.com\/v1\/wp-json\/wp\/v2\/posts"}],"about":[{"href":"https:\/\/www.brazilianpress.com\/v1\/wp-json\/wp\/v2\/types\/post"}],"author":[{"embeddable":true,"href":"https:\/\/www.brazilianpress.com\/v1\/wp-json\/wp\/v2\/users\/1"}],"replies":[{"embeddable":true,"href":"https:\/\/www.brazilianpress.com\/v1\/wp-json\/wp\/v2\/comments?post=36654"}],"version-history":[{"count":1,"href":"https:\/\/www.brazilianpress.com\/v1\/wp-json\/wp\/v2\/posts\/36654\/revisions"}],"predecessor-version":[{"id":36656,"href":"https:\/\/www.brazilianpress.com\/v1\/wp-json\/wp\/v2\/posts\/36654\/revisions\/36656"}],"wp:featuredmedia":[{"embeddable":true,"href":"https:\/\/www.brazilianpress.com\/v1\/wp-json\/wp\/v2\/media\/36655"}],"wp:attachment":[{"href":"https:\/\/www.brazilianpress.com\/v1\/wp-json\/wp\/v2\/media?parent=36654"}],"wp:term":[{"taxonomy":"category","embeddable":true,"href":"https:\/\/www.brazilianpress.com\/v1\/wp-json\/wp\/v2\/categories?post=36654"},{"taxonomy":"post_tag","embeddable":true,"href":"https:\/\/www.brazilianpress.com\/v1\/wp-json\/wp\/v2\/tags?post=36654"}],"curies":[{"name":"wp","href":"https:\/\/api.w.org\/{rel}","templated":true}]}}