{"id":36729,"date":"2018-11-08T12:41:19","date_gmt":"2018-11-08T16:41:19","guid":{"rendered":"http:\/\/www.brazilianpress.com\/v1\/?p=36729"},"modified":"2018-11-08T12:42:54","modified_gmt":"2018-11-08T16:42:54","slug":"trama-derrubar-papa-francisco","status":"publish","type":"post","link":"https:\/\/www.brazilianpress.com\/v1\/2018\/11\/08\/trama-derrubar-papa-francisco\/","title":{"rendered":"Livro revela tramas na Igreja para derrubar Papa Francisco"},"content":{"rendered":"<p>Os vaticanistas Andrea Tornielli e Gianni Valente lan\u00e7aram o livro &#8220;Il Giorno del Giudizio&#8221;, que narra os bastidores do assalto da ala ultraconservadora da Igreja Cat\u00f3lica contra o pontificado de Francisco.<\/p>\n<p>O volume parte do dossi\u00ea elaborado pelo arcebispo italiano Carlo Maria Vigan\u00f2, ex-n\u00fancio apost\u00f3lico em Washington, no qual ele acusa o Papa de ter ignorado den\u00fancias de abuso sexual contra seminaristas por parte do ex-cardeal norte-americano Theodore McCarrick, removido do clero apenas em julho deste ano, ap\u00f3s tamb\u00e9m ter sido acusado de pedofilia.<\/p>\n<p>Al\u00e9m de julgar a den\u00fancia contra Jorge Bergoglio como infundada, Tornielli e Valente narram, com base em documentos e testemunhos in\u00e9ditos, as tramas de fac\u00e7\u00f5es da Igreja Cat\u00f3lica para atingir um pont\u00edfice marcado pelo progressismo.<\/p>\n<p>Segundo os vaticanistas, a acusa\u00e7\u00e3o de Vigan\u00f2, revelada durante a viagem de Francisco \u00e0 Irlanda, \u00e9 uma &#8220;tentativa de golpe&#8221;. O Papa se pronunciou explicitamente sobre a den\u00fancia apenas uma vez, quando disse que &#8220;o dossi\u00ea fala por si s\u00f3&#8221;. &#8220;Leiam atentamente aquele comunicado e fa\u00e7am o julgamento de voc\u00eas. N\u00e3o direi uma palavra sobre isso&#8221;, afirmou na ocasi\u00e3o. Na semana seguinte, no entanto, Bergoglio convocou ora\u00e7\u00f5es contra as &#8220;divis\u00f5es&#8221; na Igreja Cat\u00f3lica e afirmou que a Santa S\u00e9 \u00e9 alvo de &#8220;ventos contr\u00e1rios e violentos&#8221;. (ANSA)<\/p>\n","protected":false},"excerpt":{"rendered":"<p>Os vaticanistas Andrea Tornielli e Gianni Valente lan\u00e7aram o livro &#8220;Il Giorno del Giudizio&#8221;, que narra os bastidores do assalto da ala ultraconservadora da Igreja Cat\u00f3lica contra o pontificado de Francisco. O volume parte do dossi\u00ea elaborado pelo arcebispo italiano Carlo Maria Vigan\u00f2, ex-n\u00fancio apost\u00f3lico em Washington, no qual ele acusa o Papa de ter ignorado den\u00fancias de abuso sexual contra seminaristas por parte do ex-cardeal norte-americano Theodore McCarrick, removido do clero apenas em julho deste ano, ap\u00f3s tamb\u00e9m ter sido acusado de pedofilia. Al\u00e9m de julgar a den\u00fancia contra Jorge Bergoglio como infundada, Tornielli e Valente narram, com base [&hellip;]<\/p>\n","protected":false},"author":1,"featured_media":28295,"comment_status":"open","ping_status":"open","sticky":false,"template":"","format":"standard","meta":{"_links_to":"","_links_to_target":""},"categories":[3,8,1],"tags":[],"views":1479,"_links":{"self":[{"href":"https:\/\/www.brazilianpress.com\/v1\/wp-json\/wp\/v2\/posts\/36729"}],"collection":[{"href":"https:\/\/www.brazilianpress.com\/v1\/wp-json\/wp\/v2\/posts"}],"about":[{"href":"https:\/\/www.brazilianpress.com\/v1\/wp-json\/wp\/v2\/types\/post"}],"author":[{"embeddable":true,"href":"https:\/\/www.brazilianpress.com\/v1\/wp-json\/wp\/v2\/users\/1"}],"replies":[{"embeddable":true,"href":"https:\/\/www.brazilianpress.com\/v1\/wp-json\/wp\/v2\/comments?post=36729"}],"version-history":[{"count":1,"href":"https:\/\/www.brazilianpress.com\/v1\/wp-json\/wp\/v2\/posts\/36729\/revisions"}],"predecessor-version":[{"id":36730,"href":"https:\/\/www.brazilianpress.com\/v1\/wp-json\/wp\/v2\/posts\/36729\/revisions\/36730"}],"wp:featuredmedia":[{"embeddable":true,"href":"https:\/\/www.brazilianpress.com\/v1\/wp-json\/wp\/v2\/media\/28295"}],"wp:attachment":[{"href":"https:\/\/www.brazilianpress.com\/v1\/wp-json\/wp\/v2\/media?parent=36729"}],"wp:term":[{"taxonomy":"category","embeddable":true,"href":"https:\/\/www.brazilianpress.com\/v1\/wp-json\/wp\/v2\/categories?post=36729"},{"taxonomy":"post_tag","embeddable":true,"href":"https:\/\/www.brazilianpress.com\/v1\/wp-json\/wp\/v2\/tags?post=36729"}],"curies":[{"name":"wp","href":"https:\/\/api.w.org\/{rel}","templated":true}]}}