{"id":36731,"date":"2018-11-08T12:45:20","date_gmt":"2018-11-08T16:45:20","guid":{"rendered":"http:\/\/www.brazilianpress.com\/v1\/?p=36731"},"modified":"2018-11-08T12:45:20","modified_gmt":"2018-11-08T16:45:20","slug":"movimento-irresponsavel-antivacina-esta-matando-de-sarampo-pessoas-na-europa-e-eua","status":"publish","type":"post","link":"https:\/\/www.brazilianpress.com\/v1\/2018\/11\/08\/movimento-irresponsavel-antivacina-esta-matando-de-sarampo-pessoas-na-europa-e-eua\/","title":{"rendered":"Movimento irrespons\u00e1vel antivacina est\u00e1 matando de sarampo pessoas na Europa e EUA"},"content":{"rendered":"<p>Um surto de sarampo tem devastando toda a Europa. De acordo com a Science Alert, nos primeiros seis meses de 2018, foram 41.000 casos registrados da infec\u00e7\u00e3o viral, que \u00e9 facilmente evit\u00e1vel.<\/p>\n<p>Em 2017, foram registrados 23.927, com 37 mortes. E de acordo com especialistas nos EUA, o pa\u00eds tamb\u00e9m poder\u00e1 experimentar surtos semelhantes se os pais continuarem se recusando a vacinar seus filhos. \u201cTemos uma situa\u00e7\u00e3o muito s\u00e9ria. As pessoas est\u00e3o morrendo de sarampo. Isso era inacredit\u00e1vel cinco ou dez anos atr\u00e1s\u201d, disse o m\u00e9dico pediatra Alberto Villani, do Hospital Pedi\u00e1trico Bambino Ges\u00f9, e presidente da Sociedade Pedi\u00e1trica Italiana, \u00e0 NBC.<\/p>\n<p>O sarampo j\u00e1 est\u00e1 em ascens\u00e3o nos EUA. No ano passado, o estado de Minnesota experimentou seu pior surto em d\u00e9cadas, e no in\u00edcio deste ano, New York foi a v\u00edtima. No momento, h\u00e1 um surto em andamento no Brooklyn, com seis casos registrados na semana passada, todos envolvendo crian\u00e7as n\u00e3o vacinadas.<\/p>\n<p>No ano passado, o Centro de Controle de Doen\u00e7as (CDC) estudou o crescente n\u00famero de surtos de sarampo no pa\u00eds, descobrindo que 70% dos novos casos ocorreram em pacientes n\u00e3o vacinados. O movimento antivacina vem crescendo nos \u00faltimos anos, em parte gra\u00e7as a um duvidoso estudo feito em 1998 pelo ex-m\u00e9dico Andrew Wakefield, e que j\u00e1 foi retirado do registro m\u00e9dico do Reino Unido por m\u00e1 conduta.<\/p>\n<p>Wakefield foi acusado de usar em seu estudo resultados deliberadamente falsificados a fim de fazer uma afirma\u00e7\u00e3o fraudulenta de que a vacina e o autismo estavam relacionados. Assumiu-se que sua conduta estaria levando em conta a elimina\u00e7\u00e3o da concorr\u00eancia, uma vez j\u00e1 havia patenteado uma vers\u00e3o alternativa para a profilaxia do sarampo.<\/p>\n<p>Pesquisas subsequentes comprovaram que n\u00e3o existe qualquer liga\u00e7\u00e3o entre as vacinas e o autismo. No entanto, muitos pais ainda se recusam a vacinar seus filhos. O sarampo foi erradicado do pa\u00eds, mas novos surtos foram registrados porque a doen\u00e7a foi importada para dentro do pa\u00eds. O surto da cidade de New York, por exemplo, teve como paciente zero um turista, enquanto que no Brooklyn, o atual surto foi espalhado por uma crian\u00e7a n\u00e3o vacinada que viajou para uma \u00e1rea de Israel.<\/p>\n<p>Se a situa\u00e7\u00e3o n\u00e3o for controlada, \u00e9 poss\u00edvel que fique muito pior. Em um estudo feito em 2014 descobriu-se que os esfor\u00e7os para corrigir uma desinforma\u00e7\u00e3o s\u00e3o inadequados quando comparados aos esfor\u00e7os conjunto dos ativistas antivacinas que usam a internet para espalhar fake News\u00a0\u2013 em resumo, quando as pessoas leem uma not\u00edcia falsa, assimilam o medo de forma muito forte comparado com \u00f3rg\u00e3os oficiais que tentam desmentir e dizer a verdade. A mentira est\u00e1 dominando as informa\u00e7\u00f5es.<\/p>\n<p>Essa ideia anticient\u00edfica pode ser ainda mais perigosa se considerarmos que, se apenas 5% de uma comunidade n\u00e3o se vacinar, isso pode ter um efeito desproporcional sobre a sa\u00fade p\u00fablica, triplicando a taxa anual de sarampo. O sarampo, al\u00e9m de muito infeccioso, pode ser mortal, especialmente para crian\u00e7as. Em 2016, foram registradas 89.780 mortes pela doen\u00e7a no mundo, sendo que a maior parte das v\u00edtimas tinham menos de 5 anos.<\/p>\n","protected":false},"excerpt":{"rendered":"<p>Um surto de sarampo tem devastando toda a Europa. De acordo com a Science Alert, nos primeiros seis meses de 2018, foram 41.000 casos registrados da infec\u00e7\u00e3o viral, que \u00e9 facilmente evit\u00e1vel. Em 2017, foram registrados 23.927, com 37 mortes. E de acordo com especialistas nos EUA, o pa\u00eds tamb\u00e9m poder\u00e1 experimentar surtos semelhantes se os pais continuarem se recusando a vacinar seus filhos. \u201cTemos uma situa\u00e7\u00e3o muito s\u00e9ria. As pessoas est\u00e3o morrendo de sarampo. Isso era inacredit\u00e1vel cinco ou dez anos atr\u00e1s\u201d, disse o m\u00e9dico pediatra Alberto Villani, do Hospital Pedi\u00e1trico Bambino Ges\u00f9, e presidente da Sociedade Pedi\u00e1trica Italiana, [&hellip;]<\/p>\n","protected":false},"author":1,"featured_media":36732,"comment_status":"open","ping_status":"open","sticky":false,"template":"","format":"standard","meta":{"_links_to":"","_links_to_target":""},"categories":[4,3,1],"tags":[],"views":1626,"_links":{"self":[{"href":"https:\/\/www.brazilianpress.com\/v1\/wp-json\/wp\/v2\/posts\/36731"}],"collection":[{"href":"https:\/\/www.brazilianpress.com\/v1\/wp-json\/wp\/v2\/posts"}],"about":[{"href":"https:\/\/www.brazilianpress.com\/v1\/wp-json\/wp\/v2\/types\/post"}],"author":[{"embeddable":true,"href":"https:\/\/www.brazilianpress.com\/v1\/wp-json\/wp\/v2\/users\/1"}],"replies":[{"embeddable":true,"href":"https:\/\/www.brazilianpress.com\/v1\/wp-json\/wp\/v2\/comments?post=36731"}],"version-history":[{"count":1,"href":"https:\/\/www.brazilianpress.com\/v1\/wp-json\/wp\/v2\/posts\/36731\/revisions"}],"predecessor-version":[{"id":36733,"href":"https:\/\/www.brazilianpress.com\/v1\/wp-json\/wp\/v2\/posts\/36731\/revisions\/36733"}],"wp:featuredmedia":[{"embeddable":true,"href":"https:\/\/www.brazilianpress.com\/v1\/wp-json\/wp\/v2\/media\/36732"}],"wp:attachment":[{"href":"https:\/\/www.brazilianpress.com\/v1\/wp-json\/wp\/v2\/media?parent=36731"}],"wp:term":[{"taxonomy":"category","embeddable":true,"href":"https:\/\/www.brazilianpress.com\/v1\/wp-json\/wp\/v2\/categories?post=36731"},{"taxonomy":"post_tag","embeddable":true,"href":"https:\/\/www.brazilianpress.com\/v1\/wp-json\/wp\/v2\/tags?post=36731"}],"curies":[{"name":"wp","href":"https:\/\/api.w.org\/{rel}","templated":true}]}}