{"id":36748,"date":"2018-11-08T16:51:41","date_gmt":"2018-11-08T20:51:41","guid":{"rendered":"http:\/\/www.brazilianpress.com\/v1\/?p=36748"},"modified":"2018-11-08T16:51:41","modified_gmt":"2018-11-08T20:51:41","slug":"fabio-santos-assume-clima-pesado-no-atletico-mg-e-pede-vitoria-ante-lider-para-retomar-confianca","status":"publish","type":"post","link":"https:\/\/www.brazilianpress.com\/v1\/2018\/11\/08\/fabio-santos-assume-clima-pesado-no-atletico-mg-e-pede-vitoria-ante-lider-para-retomar-confianca\/","title":{"rendered":"F\u00e1bio Santos assume clima pesado no Atl\u00e9tico-MG e pede vit\u00f3ria ante l\u00edder para retomar confian\u00e7a"},"content":{"rendered":"<p>Um empate e quatro derrotas nos \u00faltimos cinco jogos. A soma de apenas um dos \u00faltimos 15 pontos disputados fez com que o Atl\u00e9tico-MG, que esteve at\u00e9 na vice-lideran\u00e7a do Campeonato Brasileiro, fosse parar em sexto lugar e visse amea\u00e7ada a vaga na Ta\u00e7a Libertadores do ano que vem.<\/p>\n<p>F\u00e1bio Santos, um dos l\u00edderes do elenco dentro e fora de campo, assume que a fase ruim abala a confian\u00e7a dos jogadores e acredita que uma vit\u00f3ria diante do l\u00edder Palmeiras, no domingo, em casa, pela 33\u00aa rodada, v\u00e1 reestabelecer essa seguran\u00e7a na equipe.<\/p>\n<p>&#8211; A gente precisa ganhar para retomar a confian\u00e7a. J\u00e1 s\u00e3o cinco jogos sem vit\u00f3ria, isso deixa o ambiente pesado, para baixo. A gente tem tentado levantar o astral para ver se a gente consegue dar uma resposta dentro de campo, que realmente deixamos a desejar nos \u00faltimos jogos. Est\u00e1 em aberto (a disputa pelo G-6), cara. Temos a posi\u00e7\u00e3o a nosso favor, o sexto lugar. Mesmo com cinco jogos sem vencer ainda n\u00e3o fomos ultrapassados. \u00d3bvio que algumas equipes encostaram, ficou mais complicado, ligou o sinal de alerta, mas temos seis jogos, e tenho certeza que vamos ter capacidade para demonstrar o futebol e confirmar essa vaga.<\/p>\n<p>Quando os resultados n\u00e3o v\u00eam \u00e9 natural que o time fique mais para baixo, a confian\u00e7a realmente faz muita falta neste momento. A gente tem tentado conversar para reagir o mais r\u00e1pido poss\u00edvel.<\/p>\n<p>O lateral-esquerdo considera essa situa\u00e7\u00e3o de \u201cbaixo astral\u201d natural em momentos ruins do time, mas faz quest\u00e3o de ressaltar que a campanha do Atl\u00e9tico-MG, que ainda permanece no G-6 mesmo com o recente jejum, n\u00e3o permite que os atletas tenham o sentimento de des\u00e2nimo.<\/p>\n<p>&#8211; Quando os resultados n\u00e3o v\u00eam \u00e9 natural que o time fique mais para baixo, a confian\u00e7a realmente faz muita falta neste momento. A gente tem tentado conversar para reagir o mais r\u00e1pido poss\u00edvel. Estamos entre os seis colocados, ainda temos seis jogos, sendo tr\u00eas em casa e tr\u00eas fora, ent\u00e3o est\u00e1 tudo em aberto. N\u00e3o tem o por que estar para baixo, desanimado. \u00d3bvio que gera desconfian\u00e7a do torcedor e s\u00f3 a gente pode demonstrar isso dentro de campo, chamando ele para nosso lado com boas atua\u00e7\u00f5es. Al\u00e9m do Palmeiras, o Atl\u00e9tico-MG ainda enfrentar\u00e1 Paran\u00e1 (fora de casa), Bahia (no Horto), Internacional e Santos (como visitante) e fechar\u00e1 a competi\u00e7\u00e3o recebendo o Botafogo.<\/p>\n","protected":false},"excerpt":{"rendered":"<p>Um empate e quatro derrotas nos \u00faltimos cinco jogos. A soma de apenas um dos \u00faltimos 15 pontos disputados fez com que o Atl\u00e9tico-MG, que esteve at\u00e9 na vice-lideran\u00e7a do Campeonato Brasileiro, fosse parar em sexto lugar e visse amea\u00e7ada a vaga na Ta\u00e7a Libertadores do ano que vem. F\u00e1bio Santos, um dos l\u00edderes do elenco dentro e fora de campo, assume que a fase ruim abala a confian\u00e7a dos jogadores e acredita que uma vit\u00f3ria diante do l\u00edder Palmeiras, no domingo, em casa, pela 33\u00aa rodada, v\u00e1 reestabelecer essa seguran\u00e7a na equipe. &#8211; A gente precisa ganhar para retomar [&hellip;]<\/p>\n","protected":false},"author":1,"featured_media":36744,"comment_status":"open","ping_status":"open","sticky":false,"template":"","format":"standard","meta":{"_links_to":"","_links_to_target":""},"categories":[9,1],"tags":[],"views":1288,"_links":{"self":[{"href":"https:\/\/www.brazilianpress.com\/v1\/wp-json\/wp\/v2\/posts\/36748"}],"collection":[{"href":"https:\/\/www.brazilianpress.com\/v1\/wp-json\/wp\/v2\/posts"}],"about":[{"href":"https:\/\/www.brazilianpress.com\/v1\/wp-json\/wp\/v2\/types\/post"}],"author":[{"embeddable":true,"href":"https:\/\/www.brazilianpress.com\/v1\/wp-json\/wp\/v2\/users\/1"}],"replies":[{"embeddable":true,"href":"https:\/\/www.brazilianpress.com\/v1\/wp-json\/wp\/v2\/comments?post=36748"}],"version-history":[{"count":1,"href":"https:\/\/www.brazilianpress.com\/v1\/wp-json\/wp\/v2\/posts\/36748\/revisions"}],"predecessor-version":[{"id":36749,"href":"https:\/\/www.brazilianpress.com\/v1\/wp-json\/wp\/v2\/posts\/36748\/revisions\/36749"}],"wp:featuredmedia":[{"embeddable":true,"href":"https:\/\/www.brazilianpress.com\/v1\/wp-json\/wp\/v2\/media\/36744"}],"wp:attachment":[{"href":"https:\/\/www.brazilianpress.com\/v1\/wp-json\/wp\/v2\/media?parent=36748"}],"wp:term":[{"taxonomy":"category","embeddable":true,"href":"https:\/\/www.brazilianpress.com\/v1\/wp-json\/wp\/v2\/categories?post=36748"},{"taxonomy":"post_tag","embeddable":true,"href":"https:\/\/www.brazilianpress.com\/v1\/wp-json\/wp\/v2\/tags?post=36748"}],"curies":[{"name":"wp","href":"https:\/\/api.w.org\/{rel}","templated":true}]}}