{"id":36752,"date":"2018-11-08T16:54:49","date_gmt":"2018-11-08T20:54:49","guid":{"rendered":"http:\/\/www.brazilianpress.com\/v1\/?p=36752"},"modified":"2018-11-08T16:54:49","modified_gmt":"2018-11-08T20:54:49","slug":"brasileiro-e-suspeito-de-comandar-rede-de-prostituicao-na-espanha","status":"publish","type":"post","link":"https:\/\/www.brazilianpress.com\/v1\/2018\/11\/08\/brasileiro-e-suspeito-de-comandar-rede-de-prostituicao-na-espanha\/","title":{"rendered":"Brasileiro \u00e9 suspeito de comandar rede de prostitui\u00e7\u00e3o na Espanha"},"content":{"rendered":"<p>Pelo menos 15 jovens transexuais brasileiros foram resgatados pela Pol\u00edcia Nacional da Espanha na quarta-feira (31). Essas pessoas estavam sendo for\u00e7adas a participar de um esquema de prostitui\u00e7\u00e3o e explora\u00e7\u00e3o sexual no exterior.<\/p>\n<p>A quadrilha era composta por 13 suspeitos do Brasil, Rom\u00eania, Espanha e Peru. Segundo a pol\u00edcia espanhola, o grupo era liderado por um brasileiro. Quatro suspeitos v\u00e3o enfrentar acusa\u00e7\u00f5es formais e continuam na pris\u00e3o. Os outros nove foram liberados.\u00a0 O resgate das v\u00edtimas aconteceu em um apartamento na cidade de M\u00farcia, no sudeste do pa\u00eds.\u00a0O local onde as v\u00edtimas foram encontradas pertenciam ao suspeito brasileiro.<\/p>\n<p>As v\u00edtimas n\u00e3o podiam sequer sair nas ruas e sofriam amea\u00e7as, inclusive de agress\u00e3o f\u00edsica. Em uma nota, a pol\u00edcia afirmou que as v\u00edtimas tamb\u00e9m eram obrigadas a usar drogas como coca\u00edna e outras subst\u00e2ncias. Os transexuais eram pessoas que sa\u00edam de localidades pobres no Brasil e chegavam de maneira irregular na Espanha. L\u00e1, se deparavam com a realidade da explora\u00e7\u00e3o sexual para pagar as d\u00edvidas da viagem. As investiga\u00e7\u00f5es come\u00e7aram em fevereiro, ap\u00f3s a den\u00fancia de uma das v\u00edtimas. A pol\u00edcia espanhola conseguiu rastrear o traficante que fornecia as drogas, mas ele fugiu. Ainda n\u00e3o foi esclarecido se as v\u00edtimas voltar\u00e3o ao Brasil.<\/p>\n","protected":false},"excerpt":{"rendered":"<p>Pelo menos 15 jovens transexuais brasileiros foram resgatados pela Pol\u00edcia Nacional da Espanha na quarta-feira (31). Essas pessoas estavam sendo for\u00e7adas a participar de um esquema de prostitui\u00e7\u00e3o e explora\u00e7\u00e3o sexual no exterior. A quadrilha era composta por 13 suspeitos do Brasil, Rom\u00eania, Espanha e Peru. Segundo a pol\u00edcia espanhola, o grupo era liderado por um brasileiro. Quatro suspeitos v\u00e3o enfrentar acusa\u00e7\u00f5es formais e continuam na pris\u00e3o. Os outros nove foram liberados.\u00a0 O resgate das v\u00edtimas aconteceu em um apartamento na cidade de M\u00farcia, no sudeste do pa\u00eds.\u00a0O local onde as v\u00edtimas foram encontradas pertenciam ao suspeito brasileiro. As v\u00edtimas [&hellip;]<\/p>\n","protected":false},"author":1,"featured_media":36753,"comment_status":"open","ping_status":"open","sticky":false,"template":"","format":"standard","meta":{"_links_to":"","_links_to_target":""},"categories":[8,1],"tags":[],"views":1334,"_links":{"self":[{"href":"https:\/\/www.brazilianpress.com\/v1\/wp-json\/wp\/v2\/posts\/36752"}],"collection":[{"href":"https:\/\/www.brazilianpress.com\/v1\/wp-json\/wp\/v2\/posts"}],"about":[{"href":"https:\/\/www.brazilianpress.com\/v1\/wp-json\/wp\/v2\/types\/post"}],"author":[{"embeddable":true,"href":"https:\/\/www.brazilianpress.com\/v1\/wp-json\/wp\/v2\/users\/1"}],"replies":[{"embeddable":true,"href":"https:\/\/www.brazilianpress.com\/v1\/wp-json\/wp\/v2\/comments?post=36752"}],"version-history":[{"count":1,"href":"https:\/\/www.brazilianpress.com\/v1\/wp-json\/wp\/v2\/posts\/36752\/revisions"}],"predecessor-version":[{"id":36754,"href":"https:\/\/www.brazilianpress.com\/v1\/wp-json\/wp\/v2\/posts\/36752\/revisions\/36754"}],"wp:featuredmedia":[{"embeddable":true,"href":"https:\/\/www.brazilianpress.com\/v1\/wp-json\/wp\/v2\/media\/36753"}],"wp:attachment":[{"href":"https:\/\/www.brazilianpress.com\/v1\/wp-json\/wp\/v2\/media?parent=36752"}],"wp:term":[{"taxonomy":"category","embeddable":true,"href":"https:\/\/www.brazilianpress.com\/v1\/wp-json\/wp\/v2\/categories?post=36752"},{"taxonomy":"post_tag","embeddable":true,"href":"https:\/\/www.brazilianpress.com\/v1\/wp-json\/wp\/v2\/tags?post=36752"}],"curies":[{"name":"wp","href":"https:\/\/api.w.org\/{rel}","templated":true}]}}