{"id":36755,"date":"2018-11-08T16:56:57","date_gmt":"2018-11-08T20:56:57","guid":{"rendered":"http:\/\/www.brazilianpress.com\/v1\/?p=36755"},"modified":"2018-11-08T16:56:57","modified_gmt":"2018-11-08T20:56:57","slug":"caminhoes-com-cerca-de-80-migrantes-desaparecem-no-mexico","status":"publish","type":"post","link":"https:\/\/www.brazilianpress.com\/v1\/2018\/11\/08\/caminhoes-com-cerca-de-80-migrantes-desaparecem-no-mexico\/","title":{"rendered":"Caminh\u00f5es com cerca de 80 migrantes desaparecem no M\u00e9xico"},"content":{"rendered":"<p>Dois caminh\u00f5es com cerca de 80 migrantes que seguiam em dire\u00e7\u00e3o aos Estados Unidos desapareceram no M\u00e9xico, informou na segunda-feira (5) um relat\u00f3rio da Comiss\u00e3o Nacional de Direitos Humanos do pa\u00eds latino americano.<\/p>\n<p>&#8220;Est\u00e3o desaparecidos dois caminh\u00f5es. Emitimos medidas de precau\u00e7\u00e3o para que as pessoas sejam encontradas e a sua integridade seja mantida&#8221;, disse o enviado especial da CNDH, Edgar Corzo, numa confer\u00eancia de imprensa. Corzo informou que uma pessoa j\u00e1 tinha denunciado o desaparecimento das 80 pessoas\u00a0no dia 19 de outubro.<\/p>\n<p>O enviado especial da CNDH indicou que o desaparecimento dos migrantes pode ter acontecido no munic\u00edpio de Isla, no estado de Veracruz, e real\u00e7ou que j\u00e1 haviam alertado os migrantes e as autoridades de que &#8220;o percurso era relativamente complicado em termos de seguran\u00e7a&#8221; e implicava riscos face ao crime organizado. Sobre o trabalho que o governo mexicano e as autoridades locais est\u00e3o realizando perante esta emerg\u00eancia, Corzo afirmou que o M\u00e9xico tem focado na conten\u00e7\u00e3o do fen\u00f4meno das caravanas migrantes que seguem em dire\u00e7\u00e3o aos Estados Unidos. Com informa\u00e7\u00f5es da Lusa.<\/p>\n","protected":false},"excerpt":{"rendered":"<p>Dois caminh\u00f5es com cerca de 80 migrantes que seguiam em dire\u00e7\u00e3o aos Estados Unidos desapareceram no M\u00e9xico, informou na segunda-feira (5) um relat\u00f3rio da Comiss\u00e3o Nacional de Direitos Humanos do pa\u00eds latino americano. &#8220;Est\u00e3o desaparecidos dois caminh\u00f5es. Emitimos medidas de precau\u00e7\u00e3o para que as pessoas sejam encontradas e a sua integridade seja mantida&#8221;, disse o enviado especial da CNDH, Edgar Corzo, numa confer\u00eancia de imprensa. Corzo informou que uma pessoa j\u00e1 tinha denunciado o desaparecimento das 80 pessoas\u00a0no dia 19 de outubro. O enviado especial da CNDH indicou que o desaparecimento dos migrantes pode ter acontecido no munic\u00edpio de Isla, [&hellip;]<\/p>\n","protected":false},"author":1,"featured_media":36756,"comment_status":"open","ping_status":"open","sticky":false,"template":"","format":"standard","meta":{"_links_to":"","_links_to_target":""},"categories":[8,1],"tags":[],"views":1303,"_links":{"self":[{"href":"https:\/\/www.brazilianpress.com\/v1\/wp-json\/wp\/v2\/posts\/36755"}],"collection":[{"href":"https:\/\/www.brazilianpress.com\/v1\/wp-json\/wp\/v2\/posts"}],"about":[{"href":"https:\/\/www.brazilianpress.com\/v1\/wp-json\/wp\/v2\/types\/post"}],"author":[{"embeddable":true,"href":"https:\/\/www.brazilianpress.com\/v1\/wp-json\/wp\/v2\/users\/1"}],"replies":[{"embeddable":true,"href":"https:\/\/www.brazilianpress.com\/v1\/wp-json\/wp\/v2\/comments?post=36755"}],"version-history":[{"count":1,"href":"https:\/\/www.brazilianpress.com\/v1\/wp-json\/wp\/v2\/posts\/36755\/revisions"}],"predecessor-version":[{"id":36757,"href":"https:\/\/www.brazilianpress.com\/v1\/wp-json\/wp\/v2\/posts\/36755\/revisions\/36757"}],"wp:featuredmedia":[{"embeddable":true,"href":"https:\/\/www.brazilianpress.com\/v1\/wp-json\/wp\/v2\/media\/36756"}],"wp:attachment":[{"href":"https:\/\/www.brazilianpress.com\/v1\/wp-json\/wp\/v2\/media?parent=36755"}],"wp:term":[{"taxonomy":"category","embeddable":true,"href":"https:\/\/www.brazilianpress.com\/v1\/wp-json\/wp\/v2\/categories?post=36755"},{"taxonomy":"post_tag","embeddable":true,"href":"https:\/\/www.brazilianpress.com\/v1\/wp-json\/wp\/v2\/tags?post=36755"}],"curies":[{"name":"wp","href":"https:\/\/api.w.org\/{rel}","templated":true}]}}