{"id":36778,"date":"2018-11-13T08:45:34","date_gmt":"2018-11-13T12:45:34","guid":{"rendered":"http:\/\/www.brazilianpress.com\/v1\/?p=36778"},"modified":"2018-11-13T08:47:25","modified_gmt":"2018-11-13T12:47:25","slug":"caravana-migrante-chega-a-guadalajara-na-metade-do-caminho-aos-eua-122","status":"publish","type":"post","link":"https:\/\/www.brazilianpress.com\/v1\/2018\/11\/13\/caravana-migrante-chega-a-guadalajara-na-metade-do-caminho-aos-eua-122\/","title":{"rendered":"Caravana migrante chega a Guadalajara, na metade do caminho aos EUA"},"content":{"rendered":"<p>Mais de 3,6 mil migrantes centro-americanos chegaram a Guadalajara, no oeste do M\u00e9xico, no que consideram o ponto intermedi\u00e1rio de seu caminho para os Estados Unidos e onde foram recebidos pela ajuda humanit\u00e1ria que os moradores de Jalisco doaram.<\/p>\n<p>Entre San Pedro Sula, em Honduras, at\u00e9 Tijuana, na fronteira com os Estados Unidos, existe uma dist\u00e2ncia de 4,350 quil\u00f4metros, enquanto da cidade hondurenha a Guadalajara s\u00e3o 2.122 quil\u00f4metros, praticamente a metade do caminho. Ap\u00f3s sua passagem por Irapuato no estado de Guanajuato, vizinho ao de Jalisco, os migrantes se transferiram em caminh\u00f5es e \u00f4nibus at\u00e9 a entrada da cidade de Guadalajara, onde foram recebidos com \u00e1gua e comida por representantes da Defesa Civil local. Depois foram levados ao audit\u00f3rio Benito Ju\u00e1rez que foi adaptado como albergue, com fortes medidas de seguran\u00e7a nos arredores, e onde se espera que pernoitem pelo menos at\u00e9 a pr\u00f3xima quarta-feira.<\/p>\n<p><img loading=\"lazy\" class=\"alignnone size-full wp-image-36482\" src=\"http:\/\/www.brazilianpress.com\/v1\/wp-content\/uploads\/2018\/10\/hondurenhos-eua-imigrantes-marcha.jpg\" alt=\"\" width=\"750\" height=\"497\" srcset=\"https:\/\/www.brazilianpress.com\/v1\/wp-content\/uploads\/2018\/10\/hondurenhos-eua-imigrantes-marcha.jpg 750w, https:\/\/www.brazilianpress.com\/v1\/wp-content\/uploads\/2018\/10\/hondurenhos-eua-imigrantes-marcha-300x199.jpg 300w\" sizes=\"(max-width: 750px) 100vw, 750px\" \/><\/p>\n<p>O hondurenho Darwin Estevez percorreu em uma cadeira de rodas os corredores do audit\u00f3rio depois que na manh\u00e3 desta os aros das rodas do trailer no qual viajou lhe achataram os dois p\u00e9s em plena estrada, impedindo-lhe de caminhar. Estevez contou \u00e0 Ag\u00eancia EFE que, ap\u00f3s deixar Irapuato, tentou ajudar uma crian\u00e7a a subir no carro e escorregou at\u00e9 cair no asfalto. O acidente n\u00e3o diminuiu sua vontade de continuar este trajeto que iniciou em Santa Rosa, em Honduras, onde deixou sua esposa e filha. O jovem, de 28 anos, sabe que chegar a Guadalajara significa a metade do percurso para os Estados Unidos, para onde apontam os seus sonhos, embora assegure que se conformar\u00e1 em encontrar um emprego para comprar uma casa. \u201cO que mais quero \u00e9 emprego, seja no M\u00e9xico ou nos Estados Unidos\u201d, garantiu.<\/p>\n<p>Outro hondurenho, Byron Flores, que viaja com sua esposa e seu filho de cinco anos desde Tegucigalpa, contou que saiu h\u00e1 um m\u00eas da sua casa para unir-se \u00e0 caravana apenas com a roupa do corpo. Flores acredita que poder\u00e3o chegar at\u00e9 Tijuana, onde v\u00e3o esperar os dias ou semanas que sejam necess\u00e1rios para atravessar de maneira pac\u00edfica para territ\u00f3rio americano, pois sabe que o governo desse pa\u00eds n\u00e3o permitir\u00e1 que a caravana chegue. \u201cMeu pensamento \u00e9 ficar em Tijuana e esperar que as pessoas se movam, que a maioria das pessoas entre ou pe\u00e7a asilo ou trabalhe, mas que Donald Trump tire o ex\u00e9rcito da fronteira\u201d, declarou. As autoridades estaduais anunciaram que manter\u00e3o um esquema de seguran\u00e7a para receber os pequenos grupos de migrantes que cheguem nas pr\u00f3ximas horas. Cerca de mil migrantes da segunda caravana chegaram hoje \u00e0 Cidade do M\u00e9xico, enquanto outros grupos permanecem em Puebla e Veracruz. Finalmente, h\u00e1 uma terceira e uma quarta caravanas, formadas na sua maioria por salvadorenhos, que se encontram em estados do sul e leste do M\u00e9xico.<\/p>\n","protected":false},"excerpt":{"rendered":"<p>Mais de 3,6 mil migrantes centro-americanos chegaram a Guadalajara, no oeste do M\u00e9xico, no que consideram o ponto intermedi\u00e1rio de seu caminho para os Estados Unidos e onde foram recebidos pela ajuda humanit\u00e1ria que os moradores de Jalisco doaram. Entre San Pedro Sula, em Honduras, at\u00e9 Tijuana, na fronteira com os Estados Unidos, existe uma dist\u00e2ncia de 4,350 quil\u00f4metros, enquanto da cidade hondurenha a Guadalajara s\u00e3o 2.122 quil\u00f4metros, praticamente a metade do caminho. Ap\u00f3s sua passagem por Irapuato no estado de Guanajuato, vizinho ao de Jalisco, os migrantes se transferiram em caminh\u00f5es e \u00f4nibus at\u00e9 a entrada da cidade de [&hellip;]<\/p>\n","protected":false},"author":1,"featured_media":36779,"comment_status":"open","ping_status":"open","sticky":false,"template":"","format":"standard","meta":{"_links_to":"","_links_to_target":""},"categories":[4,3,1],"tags":[],"views":1384,"_links":{"self":[{"href":"https:\/\/www.brazilianpress.com\/v1\/wp-json\/wp\/v2\/posts\/36778"}],"collection":[{"href":"https:\/\/www.brazilianpress.com\/v1\/wp-json\/wp\/v2\/posts"}],"about":[{"href":"https:\/\/www.brazilianpress.com\/v1\/wp-json\/wp\/v2\/types\/post"}],"author":[{"embeddable":true,"href":"https:\/\/www.brazilianpress.com\/v1\/wp-json\/wp\/v2\/users\/1"}],"replies":[{"embeddable":true,"href":"https:\/\/www.brazilianpress.com\/v1\/wp-json\/wp\/v2\/comments?post=36778"}],"version-history":[{"count":1,"href":"https:\/\/www.brazilianpress.com\/v1\/wp-json\/wp\/v2\/posts\/36778\/revisions"}],"predecessor-version":[{"id":36780,"href":"https:\/\/www.brazilianpress.com\/v1\/wp-json\/wp\/v2\/posts\/36778\/revisions\/36780"}],"wp:featuredmedia":[{"embeddable":true,"href":"https:\/\/www.brazilianpress.com\/v1\/wp-json\/wp\/v2\/media\/36779"}],"wp:attachment":[{"href":"https:\/\/www.brazilianpress.com\/v1\/wp-json\/wp\/v2\/media?parent=36778"}],"wp:term":[{"taxonomy":"category","embeddable":true,"href":"https:\/\/www.brazilianpress.com\/v1\/wp-json\/wp\/v2\/categories?post=36778"},{"taxonomy":"post_tag","embeddable":true,"href":"https:\/\/www.brazilianpress.com\/v1\/wp-json\/wp\/v2\/tags?post=36778"}],"curies":[{"name":"wp","href":"https:\/\/api.w.org\/{rel}","templated":true}]}}