{"id":36795,"date":"2018-11-15T07:32:03","date_gmt":"2018-11-15T11:32:03","guid":{"rendered":"http:\/\/www.brazilianpress.com\/v1\/?p=36795"},"modified":"2018-11-15T07:32:03","modified_gmt":"2018-11-15T11:32:03","slug":"social-press-15112018","status":"publish","type":"post","link":"https:\/\/www.brazilianpress.com\/v1\/2018\/11\/15\/social-press-15112018\/","title":{"rendered":"Social Press . 15\/11\/2018"},"content":{"rendered":"<p><em><strong><img loading=\"lazy\" class=\"alignnone size-full wp-image-36789\" src=\"http:\/\/www.brazilianpress.com\/v1\/wp-content\/uploads\/2018\/11\/social-press-ed1914-20181115-2.jpg\" alt=\"\" width=\"620\" height=\"462\" srcset=\"https:\/\/www.brazilianpress.com\/v1\/wp-content\/uploads\/2018\/11\/social-press-ed1914-20181115-2.jpg 620w, https:\/\/www.brazilianpress.com\/v1\/wp-content\/uploads\/2018\/11\/social-press-ed1914-20181115-2-300x224.jpg 300w\" sizes=\"(max-width: 620px) 100vw, 620px\" \/><br \/>\nBodas De Prata da fam\u00edlia Farias. Cerim\u00f4nia de muita emo\u00e7\u00e3o e festa super divertida cheia de fam\u00edliares e amigos do cora\u00e7\u00e3o. Rildo &amp; Micheline Farias pelos 25 anos de casados, e por serem referencial para tantas fam\u00edlias.Parab\u00e9ns!<\/strong><\/em><\/p>\n<p><em><strong><img loading=\"lazy\" class=\"alignnone size-full wp-image-36790\" src=\"http:\/\/www.brazilianpress.com\/v1\/wp-content\/uploads\/2018\/11\/social-press-ed1914-20181115-3.jpg\" alt=\"\" width=\"620\" height=\"414\" srcset=\"https:\/\/www.brazilianpress.com\/v1\/wp-content\/uploads\/2018\/11\/social-press-ed1914-20181115-3.jpg 620w, https:\/\/www.brazilianpress.com\/v1\/wp-content\/uploads\/2018\/11\/social-press-ed1914-20181115-3-300x200.jpg 300w\" sizes=\"(max-width: 620px) 100vw, 620px\" \/><br \/>\nUm forte abra\u00e7o a nossa querida Gleucely, aqui ao lado do filhote, uma figura muito elegante e alto-astral que completa anivers\u00e1rio nesta semana. Parab\u00e9ns!!!<\/strong><\/em><\/p>\n<p><em><strong><img loading=\"lazy\" class=\"alignnone size-full wp-image-36791\" src=\"http:\/\/www.brazilianpress.com\/v1\/wp-content\/uploads\/2018\/11\/social-press-ed1914-20181115-4.jpg\" alt=\"\" width=\"550\" height=\"479\" srcset=\"https:\/\/www.brazilianpress.com\/v1\/wp-content\/uploads\/2018\/11\/social-press-ed1914-20181115-4.jpg 550w, https:\/\/www.brazilianpress.com\/v1\/wp-content\/uploads\/2018\/11\/social-press-ed1914-20181115-4-300x261.jpg 300w\" sizes=\"(max-width: 550px) 100vw, 550px\" \/><br \/>\nO talentoso e consagrado m\u00fasico brasileiro radicado no Brooklyn, Andrei Matorin cumpriu sua fun\u00e7\u00e3o de cidad\u00e3o e votou durante as elei\u00e7\u00f5es de Mid-Terms para o Senado na America. Congrats!<\/strong><\/em><\/p>\n<p><em><strong><img loading=\"lazy\" class=\"alignnone size-full wp-image-36792\" src=\"http:\/\/www.brazilianpress.com\/v1\/wp-content\/uploads\/2018\/11\/social-press-ed1914-20181115-5.jpg\" alt=\"\" width=\"550\" height=\"523\" srcset=\"https:\/\/www.brazilianpress.com\/v1\/wp-content\/uploads\/2018\/11\/social-press-ed1914-20181115-5.jpg 550w, https:\/\/www.brazilianpress.com\/v1\/wp-content\/uploads\/2018\/11\/social-press-ed1914-20181115-5-300x285.jpg 300w\" sizes=\"(max-width: 550px) 100vw, 550px\" \/><br \/>\nHappy Birthday Anthony Casas que comemorou mais um ano de vida com os pais e irm\u00e3os e familiares com muitas anima\u00e7\u00e3o. Parab\u00e9ns!<\/strong><\/em><\/p>\n<p><em><strong><img loading=\"lazy\" class=\"alignnone size-full wp-image-36793\" src=\"http:\/\/www.brazilianpress.com\/v1\/wp-content\/uploads\/2018\/11\/social-press-ed1914-20181115-6.jpg\" alt=\"\" width=\"620\" height=\"414\" srcset=\"https:\/\/www.brazilianpress.com\/v1\/wp-content\/uploads\/2018\/11\/social-press-ed1914-20181115-6.jpg 620w, https:\/\/www.brazilianpress.com\/v1\/wp-content\/uploads\/2018\/11\/social-press-ed1914-20181115-6-300x200.jpg 300w\" sizes=\"(max-width: 620px) 100vw, 620px\" \/><br \/>\nQuem tamb\u00e9m aproveitou um ensaio fotogr\u00e1fico chic e super agrad\u00e1vel foi a dupla de mulheres maravilhosas Claudia e Roseni Santos, passeando pelo parques de New Jersey.<\/strong><\/em><\/p>\n<p><em><strong><img loading=\"lazy\" class=\"alignnone size-full wp-image-36794\" src=\"http:\/\/www.brazilianpress.com\/v1\/wp-content\/uploads\/2018\/11\/social-press-ed1914-20181115-7.jpg\" alt=\"\" width=\"620\" height=\"425\" srcset=\"https:\/\/www.brazilianpress.com\/v1\/wp-content\/uploads\/2018\/11\/social-press-ed1914-20181115-7.jpg 620w, https:\/\/www.brazilianpress.com\/v1\/wp-content\/uploads\/2018\/11\/social-press-ed1914-20181115-7-300x206.jpg 300w\" sizes=\"(max-width: 620px) 100vw, 620px\" \/><br \/>\nFeliz anivers\u00e1rio a querida e bela Amanda Panasollo (Delicias de Minas) que comemorou seu niver esta semana, nosos votos de muitas felicidades<\/strong><\/em><\/p>\n<p><em><strong><img loading=\"lazy\" class=\"alignnone size-full wp-image-36787\" src=\"http:\/\/www.brazilianpress.com\/v1\/wp-content\/uploads\/2018\/11\/social-press-ed1914-20181115-8.jpg\" alt=\"\" width=\"620\" height=\"396\" srcset=\"https:\/\/www.brazilianpress.com\/v1\/wp-content\/uploads\/2018\/11\/social-press-ed1914-20181115-8.jpg 620w, https:\/\/www.brazilianpress.com\/v1\/wp-content\/uploads\/2018\/11\/social-press-ed1914-20181115-8-300x192.jpg 300w\" sizes=\"(max-width: 620px) 100vw, 620px\" \/><br \/>\nMarlene Barbosa, visitando familiares nos states, tirou um tempo para passear pelas ruas de New York. Boas f\u00e9rias.<\/strong><\/em><\/p>\n<p><em><strong><img loading=\"lazy\" class=\"alignnone size-full wp-image-36788\" src=\"http:\/\/www.brazilianpress.com\/v1\/wp-content\/uploads\/2018\/11\/social-press-ed1914-20181115-1.jpg\" alt=\"\" width=\"620\" height=\"383\" srcset=\"https:\/\/www.brazilianpress.com\/v1\/wp-content\/uploads\/2018\/11\/social-press-ed1914-20181115-1.jpg 620w, https:\/\/www.brazilianpress.com\/v1\/wp-content\/uploads\/2018\/11\/social-press-ed1914-20181115-1-300x185.jpg 300w\" sizes=\"(max-width: 620px) 100vw, 620px\" \/><br \/>\nGrand Salud ao Presidente da Centro Social Loja NJ, Sandro Valarezo, reuniu amigos e membros, durante celebra\u00e7\u00f5es de Novembro em Newark ao lado de Jack Armijos e Sr. Quezada.<\/strong><\/em><\/p>\n","protected":false},"excerpt":{"rendered":"<p>Bodas De Prata da fam\u00edlia Farias. Cerim\u00f4nia de muita emo\u00e7\u00e3o e festa super divertida cheia de fam\u00edliares e amigos do cora\u00e7\u00e3o. Rildo &amp; Micheline Farias pelos 25 anos de casados, e por serem referencial para tantas fam\u00edlias.Parab\u00e9ns! Um forte abra\u00e7o a nossa querida Gleucely, aqui ao lado do filhote, uma figura muito elegante e alto-astral que completa anivers\u00e1rio nesta semana. Parab\u00e9ns!!! O talentoso e consagrado m\u00fasico brasileiro radicado no Brooklyn, Andrei Matorin cumpriu sua fun\u00e7\u00e3o de cidad\u00e3o e votou durante as elei\u00e7\u00f5es de Mid-Terms para o Senado na America. Congrats! Happy Birthday Anthony Casas que comemorou mais um ano de [&hellip;]<\/p>\n","protected":false},"author":1,"featured_media":36789,"comment_status":"open","ping_status":"open","sticky":false,"template":"","format":"standard","meta":{"_links_to":"","_links_to_target":""},"categories":[3,1,6],"tags":[],"views":1869,"_links":{"self":[{"href":"https:\/\/www.brazilianpress.com\/v1\/wp-json\/wp\/v2\/posts\/36795"}],"collection":[{"href":"https:\/\/www.brazilianpress.com\/v1\/wp-json\/wp\/v2\/posts"}],"about":[{"href":"https:\/\/www.brazilianpress.com\/v1\/wp-json\/wp\/v2\/types\/post"}],"author":[{"embeddable":true,"href":"https:\/\/www.brazilianpress.com\/v1\/wp-json\/wp\/v2\/users\/1"}],"replies":[{"embeddable":true,"href":"https:\/\/www.brazilianpress.com\/v1\/wp-json\/wp\/v2\/comments?post=36795"}],"version-history":[{"count":1,"href":"https:\/\/www.brazilianpress.com\/v1\/wp-json\/wp\/v2\/posts\/36795\/revisions"}],"predecessor-version":[{"id":36796,"href":"https:\/\/www.brazilianpress.com\/v1\/wp-json\/wp\/v2\/posts\/36795\/revisions\/36796"}],"wp:featuredmedia":[{"embeddable":true,"href":"https:\/\/www.brazilianpress.com\/v1\/wp-json\/wp\/v2\/media\/36789"}],"wp:attachment":[{"href":"https:\/\/www.brazilianpress.com\/v1\/wp-json\/wp\/v2\/media?parent=36795"}],"wp:term":[{"taxonomy":"category","embeddable":true,"href":"https:\/\/www.brazilianpress.com\/v1\/wp-json\/wp\/v2\/categories?post=36795"},{"taxonomy":"post_tag","embeddable":true,"href":"https:\/\/www.brazilianpress.com\/v1\/wp-json\/wp\/v2\/tags?post=36795"}],"curies":[{"name":"wp","href":"https:\/\/api.w.org\/{rel}","templated":true}]}}