{"id":36805,"date":"2018-11-15T09:15:50","date_gmt":"2018-11-15T13:15:50","guid":{"rendered":"http:\/\/www.brazilianpress.com\/v1\/?p=36805"},"modified":"2018-11-15T09:15:50","modified_gmt":"2018-11-15T13:15:50","slug":"registrado-recorde-de-prisoes-na-fronteira-com-o-mexico","status":"publish","type":"post","link":"https:\/\/www.brazilianpress.com\/v1\/2018\/11\/15\/registrado-recorde-de-prisoes-na-fronteira-com-o-mexico\/","title":{"rendered":"Registrado recorde de pris\u00f5es na fronteira com o M\u00e9xico"},"content":{"rendered":"<p>As pris\u00f5es de imigrantes indocumentados na fronteira sul com o M\u00e9xico, chegou no m\u00eas de outubro a maior cifra, 50,975, desde que Donald Trump chegou \u00e0 Casa Branca em janeiro de 2017, informaram as autoridades.<\/p>\n<p>O n\u00famero representa 22.87 % mais em rela\u00e7\u00e3o a setembro (41.486) exatamente o dobro que outubro de 2017 (25.488), segundo dados do CBP. Dos 50.975 detidos em outubro, 4.991 eram menores n\u00e3o acompanhados e 23.121 viajavam em fam\u00edlia, este \u00faltimo n\u00famero tamb\u00e9m \u00e9 marca recorde na Presid\u00eancia de Trump. Os dados foram divulgados no momento em que 7.000 centro-americanos avan\u00e7am em uma caravana pelo M\u00e9xico.<\/p>\n<p>Precisamente na sexta-feira passada, Trump assinou uma ordem que pro\u00edbe a partir de agora que os imigrantes cruzem de forma irregular a fronteira do M\u00e9xico e solicitar asilo no pa\u00eds, medida dirigida aos centro-americanos que fazem parte da caravana.<\/p>\n","protected":false},"excerpt":{"rendered":"<p>As pris\u00f5es de imigrantes indocumentados na fronteira sul com o M\u00e9xico, chegou no m\u00eas de outubro a maior cifra, 50,975, desde que Donald Trump chegou \u00e0 Casa Branca em janeiro de 2017, informaram as autoridades. O n\u00famero representa 22.87 % mais em rela\u00e7\u00e3o a setembro (41.486) exatamente o dobro que outubro de 2017 (25.488), segundo dados do CBP. Dos 50.975 detidos em outubro, 4.991 eram menores n\u00e3o acompanhados e 23.121 viajavam em fam\u00edlia, este \u00faltimo n\u00famero tamb\u00e9m \u00e9 marca recorde na Presid\u00eancia de Trump. Os dados foram divulgados no momento em que 7.000 centro-americanos avan\u00e7am em uma caravana pelo M\u00e9xico. [&hellip;]<\/p>\n","protected":false},"author":1,"featured_media":36806,"comment_status":"open","ping_status":"open","sticky":false,"template":"","format":"standard","meta":{"_links_to":"","_links_to_target":""},"categories":[3,8,1],"tags":[],"views":1368,"_links":{"self":[{"href":"https:\/\/www.brazilianpress.com\/v1\/wp-json\/wp\/v2\/posts\/36805"}],"collection":[{"href":"https:\/\/www.brazilianpress.com\/v1\/wp-json\/wp\/v2\/posts"}],"about":[{"href":"https:\/\/www.brazilianpress.com\/v1\/wp-json\/wp\/v2\/types\/post"}],"author":[{"embeddable":true,"href":"https:\/\/www.brazilianpress.com\/v1\/wp-json\/wp\/v2\/users\/1"}],"replies":[{"embeddable":true,"href":"https:\/\/www.brazilianpress.com\/v1\/wp-json\/wp\/v2\/comments?post=36805"}],"version-history":[{"count":1,"href":"https:\/\/www.brazilianpress.com\/v1\/wp-json\/wp\/v2\/posts\/36805\/revisions"}],"predecessor-version":[{"id":36807,"href":"https:\/\/www.brazilianpress.com\/v1\/wp-json\/wp\/v2\/posts\/36805\/revisions\/36807"}],"wp:featuredmedia":[{"embeddable":true,"href":"https:\/\/www.brazilianpress.com\/v1\/wp-json\/wp\/v2\/media\/36806"}],"wp:attachment":[{"href":"https:\/\/www.brazilianpress.com\/v1\/wp-json\/wp\/v2\/media?parent=36805"}],"wp:term":[{"taxonomy":"category","embeddable":true,"href":"https:\/\/www.brazilianpress.com\/v1\/wp-json\/wp\/v2\/categories?post=36805"},{"taxonomy":"post_tag","embeddable":true,"href":"https:\/\/www.brazilianpress.com\/v1\/wp-json\/wp\/v2\/tags?post=36805"}],"curies":[{"name":"wp","href":"https:\/\/api.w.org\/{rel}","templated":true}]}}