{"id":36814,"date":"2018-11-15T09:22:34","date_gmt":"2018-11-15T13:22:34","guid":{"rendered":"http:\/\/www.brazilianpress.com\/v1\/?p=36814"},"modified":"2018-11-15T09:23:12","modified_gmt":"2018-11-15T13:23:12","slug":"fbi-crimes-de-odio-nos-eua-crescem-e-atingem-principalmente-negros-e-judeus-111","status":"publish","type":"post","link":"https:\/\/www.brazilianpress.com\/v1\/2018\/11\/15\/fbi-crimes-de-odio-nos-eua-crescem-e-atingem-principalmente-negros-e-judeus-111\/","title":{"rendered":"FBI: Crimes de \u00f3dio nos EUA crescem e atingem principalmente negros e judeus"},"content":{"rendered":"<p><strong>O n\u00famero de casos classificados pelo FBI como crimes de \u00f3dio nos\u00a0Estados Unidos\u00a0cresceram 17% em 2017, na compara\u00e7\u00e3o com 2016.<\/strong><\/p>\n<p>De acordo com os dados da pol\u00edcia federal americana, \u00e9 o terceiro ano consecutivo em que h\u00e1 aumento neste tipo de incidente, definido por ser motivado por preconceito.<\/p>\n<p>\u00d3rg\u00e3os oficiais registraram 7.175 crimes de \u00f3dio no ano passado, contra 6.121 em 2016.<\/p>\n<p>O aumento destes crimes \u00e9 atribu\u00eddo em parte \u00e0 adi\u00e7\u00e3o de cerca de mil departamentos de pol\u00edcia que passaram a registrar esses incidentes.<\/p>\n<p>O relat\u00f3rio constatou que o crescimento de casos afetou especialmente negros e judeus.<\/p>\n<p>Dos ataques registrados em 2017, aqueles motivados por\u00a0quest\u00f5es raciais\u00a0(um total de 4.131) concentram-se em incidentes envolvendo v\u00edtimas negras (2.013).<br \/>\nDos ataques registrados em 2017, aqueles motivados por\u00a0quest\u00f5es raciais\u00a0(um total de 4.131) concentram-se em incidentes envolvendo v\u00edtimas negras (2.013).<\/p>\n<p>J\u00e1 aqueles motivados por preconceito religioso (1.564) tiveram entre as maiores v\u00edtimas os judeus (938).<\/p>\n<p>O procurador-geral interino dos EUA, Matthew Whitaker, caracterizou o relat\u00f3rio como um &#8220;apelo \u00e0 a\u00e7\u00e3o&#8221; e condenou os crimes como &#8220;viola\u00e7\u00f5es desprez\u00edveis de nossos valores centrais como americanos&#8221;.<\/p>\n<p>O que mais o relat\u00f3rio mostra?<br \/>\nSegundo o relat\u00f3rio, 59,6% dos incidentes foram motivados por preconceito contra ra\u00e7a, etnia ou ascend\u00eancia.<\/p>\n<p>Crimes de \u00f3dio religioso constitu\u00edram 20,6% dos ataques; aqueles contra orienta\u00e7\u00e3o sexual representaram 15,8%.<\/p>\n<p>O FBI define crimes de \u00f3dio como uma &#8220;ofensa criminal contra uma pessoa ou propriedade motivada, no todo ou em parte, por um preconceito contra uma ra\u00e7a, religi\u00e3o, defici\u00eancia, orienta\u00e7\u00e3o sexual, etnia, g\u00eanero ou identidade de g\u00eanero&#8221;.<\/p>\n<p>Os dados de 2017 apontam que 5 mil ataques registrados foram feitos por meio de intimida\u00e7\u00e3o ou agress\u00e3o.<\/p>\n<p>Cerca de 3 mil tinham como alvo propriedades, o que inclui vandalismo e roubo.<\/p>\n<p>Crimes de \u00f3dio contra judeus tiveram um aumento de 37% em rela\u00e7\u00e3o a 2016.<\/p>\n<p>A publica\u00e7\u00e3o vem um m\u00eas depois que 11 judeus foram mortos por um atirador que invadiu uma sinagoga em Pittsburgh, fazendo deste o ataque mais mort\u00edfero contra judeus na hist\u00f3ria dos EUA. O suspeito foi acusado de dezenas de crimes de \u00f3dio.<\/p>\n<p>Crimes contra afroamericanos tiveram um aumento de 16%.<\/p>\n<p>Como foram as rea\u00e7\u00f5es aos dados?<br \/>\nDefensores dos direitos civis dizem que os n\u00fameros s\u00e3o subestimados, j\u00e1 que muitas v\u00edtimas optam por n\u00e3o apresentar den\u00fancias; al\u00e9m disso, estas organiza\u00e7\u00f5es apontam que muitas corpora\u00e7\u00f5es n\u00e3o mant\u00eam estat\u00edsticas precisas ou confi\u00e1veis.<\/p>\n<p>Jonathan Greenblatt, da Liga Judaica Antidifama\u00e7\u00e3o, disse que o relat\u00f3rio &#8220;acrescenta evid\u00eancias de que mais deve ser feito para enfrentar o clima divisivo do \u00f3dio na Am\u00e9rica.&#8221;<\/p>\n<p>&#8220;Isso come\u00e7a com l\u00edderes de todas as esferas da vida e de todos os setores da sociedade condenando vigorosamente o antissemitismo, o fanatismo e o \u00f3dio sempre que ele ocorre&#8221;.<\/p>\n<p>A Associa\u00e7\u00e3o Nacional para o Progresso das Pessoas de Cor (NAACP, na sigla em ingl\u00eas) classificou os dados como &#8220;estarrecedores&#8221; e apontou que eles deveriam exigir &#8220;aten\u00e7\u00e3o total do Congresso&#8221;.<\/p>\n","protected":false},"excerpt":{"rendered":"<p>O n\u00famero de casos classificados pelo FBI como crimes de \u00f3dio nos\u00a0Estados Unidos\u00a0cresceram 17% em 2017, na compara\u00e7\u00e3o com 2016. De acordo com os dados da pol\u00edcia federal americana, \u00e9 o terceiro ano consecutivo em que h\u00e1 aumento neste tipo de incidente, definido por ser motivado por preconceito. \u00d3rg\u00e3os oficiais registraram 7.175 crimes de \u00f3dio no ano passado, contra 6.121 em 2016. O aumento destes crimes \u00e9 atribu\u00eddo em parte \u00e0 adi\u00e7\u00e3o de cerca de mil departamentos de pol\u00edcia que passaram a registrar esses incidentes. O relat\u00f3rio constatou que o crescimento de casos afetou especialmente negros e judeus. Dos ataques [&hellip;]<\/p>\n","protected":false},"author":1,"featured_media":17973,"comment_status":"open","ping_status":"open","sticky":false,"template":"","format":"standard","meta":{"_links_to":"","_links_to_target":""},"categories":[3,1,10],"tags":[],"views":1446,"_links":{"self":[{"href":"https:\/\/www.brazilianpress.com\/v1\/wp-json\/wp\/v2\/posts\/36814"}],"collection":[{"href":"https:\/\/www.brazilianpress.com\/v1\/wp-json\/wp\/v2\/posts"}],"about":[{"href":"https:\/\/www.brazilianpress.com\/v1\/wp-json\/wp\/v2\/types\/post"}],"author":[{"embeddable":true,"href":"https:\/\/www.brazilianpress.com\/v1\/wp-json\/wp\/v2\/users\/1"}],"replies":[{"embeddable":true,"href":"https:\/\/www.brazilianpress.com\/v1\/wp-json\/wp\/v2\/comments?post=36814"}],"version-history":[{"count":1,"href":"https:\/\/www.brazilianpress.com\/v1\/wp-json\/wp\/v2\/posts\/36814\/revisions"}],"predecessor-version":[{"id":36815,"href":"https:\/\/www.brazilianpress.com\/v1\/wp-json\/wp\/v2\/posts\/36814\/revisions\/36815"}],"wp:featuredmedia":[{"embeddable":true,"href":"https:\/\/www.brazilianpress.com\/v1\/wp-json\/wp\/v2\/media\/17973"}],"wp:attachment":[{"href":"https:\/\/www.brazilianpress.com\/v1\/wp-json\/wp\/v2\/media?parent=36814"}],"wp:term":[{"taxonomy":"category","embeddable":true,"href":"https:\/\/www.brazilianpress.com\/v1\/wp-json\/wp\/v2\/categories?post=36814"},{"taxonomy":"post_tag","embeddable":true,"href":"https:\/\/www.brazilianpress.com\/v1\/wp-json\/wp\/v2\/tags?post=36814"}],"curies":[{"name":"wp","href":"https:\/\/api.w.org\/{rel}","templated":true}]}}