{"id":36816,"date":"2018-11-15T09:24:41","date_gmt":"2018-11-15T13:24:41","guid":{"rendered":"http:\/\/www.brazilianpress.com\/v1\/?p=36816"},"modified":"2018-11-15T09:24:41","modified_gmt":"2018-11-15T13:24:41","slug":"tribunal-de-san-francisco-decide-que-daca-deve-ser-mantido","status":"publish","type":"post","link":"https:\/\/www.brazilianpress.com\/v1\/2018\/11\/15\/tribunal-de-san-francisco-decide-que-daca-deve-ser-mantido\/","title":{"rendered":"Tribunal de San Francisco decide que DACA deve ser mantido"},"content":{"rendered":"<p>Um tribunal federal de apela\u00e7\u00f5es de San Francisco, Calif\u00f3rnia, decidiu\u00a0no dia 07, que o governo n\u00e3o pode encerrar imediatamente o Programa de A\u00e7\u00e3o Diferida para Crian\u00e7as Chegadas na Inf\u00e2ncia (Daca), que d\u00e1 aos jovens indocumentados que chegaram ao pa\u00eds durante a inf\u00e2ncia sem permiss\u00e3o de entrada (visto) a chance de continuar vivendo e trabalhando no pa\u00eds sem a amea\u00e7a de deporta\u00e7\u00e3o.<\/p>\n<p>A decis\u00e3o foi proferida pelo 9\u00ba Tribunal de Apela\u00e7\u00f5es do Circuito e significa que uma liminar nacional, permitindo que o programa continue, permanecer\u00e1 em vigor. A administra\u00e7\u00e3o Trump tentou bloquear uma liminar dos tribunais de primeira inst\u00e2ncia, que impediu temporariamente o governo de avan\u00e7ar com os planos para acabar com o Daca. A decis\u00e3o foi proferida poucos dias depois de o governo Trump\u00a0ter\u00a0pedido \u00e0 Suprema Corte para julgar tr\u00eas processos pendentes relativos \u00e0 manuten\u00e7\u00e3o do Daca.<\/p>\n<p>O texto deferido diz que, embora o Executivo exer\u00e7a poder na aplica\u00e7\u00e3o das leis de imigra\u00e7\u00e3o, isso deve ser feito de maneira &#8220;livre de equ\u00edvocos legais e \u00e9 democraticamente respons\u00e1vel perante o p\u00fablico\u201d.<\/p>\n<p>O juiz Kim McLane Wardlaw, autor da decis\u00e3o, disse que a rescis\u00e3o do Daca solicitada pelo governo, &#8220;segundo as justificativas apresentadas para ser suspensa, \u00e9 arbitr\u00e1ria, caprichosa ou n\u00e3o est\u00e1 de acordo com a lei&#8221;.<\/p>\n<p>Em setembro do ano passado, o governo Trump anunciou sua inten\u00e7\u00e3o de eliminar o programa. Nos meses seguintes, o Daca acabou se tornando &#8220;moeda de troca&#8221; entre a base de Trump no Congresso e os democratas.<\/p>\n<p>O presidente queria manter o benef\u00edcio em troca da aprova\u00e7\u00e3o do or\u00e7amento para a constru\u00e7\u00e3o do muro fronteiri\u00e7o com o M\u00e9xico. Mas n\u00e3o houve consenso e o benef\u00edcio vem sendo mantido por meio de decis\u00f5es judiciais. O caso foi levado ao tribunal de apela\u00e7\u00e3o pela Universidade da Calif\u00f3rnia. Com informa\u00e7\u00f5es da Ag\u00eancia Brasil.<\/p>\n","protected":false},"excerpt":{"rendered":"<p>Um tribunal federal de apela\u00e7\u00f5es de San Francisco, Calif\u00f3rnia, decidiu\u00a0no dia 07, que o governo n\u00e3o pode encerrar imediatamente o Programa de A\u00e7\u00e3o Diferida para Crian\u00e7as Chegadas na Inf\u00e2ncia (Daca), que d\u00e1 aos jovens indocumentados que chegaram ao pa\u00eds durante a inf\u00e2ncia sem permiss\u00e3o de entrada (visto) a chance de continuar vivendo e trabalhando no pa\u00eds sem a amea\u00e7a de deporta\u00e7\u00e3o. A decis\u00e3o foi proferida pelo 9\u00ba Tribunal de Apela\u00e7\u00f5es do Circuito e significa que uma liminar nacional, permitindo que o programa continue, permanecer\u00e1 em vigor. A administra\u00e7\u00e3o Trump tentou bloquear uma liminar dos tribunais de primeira inst\u00e2ncia, que impediu [&hellip;]<\/p>\n","protected":false},"author":1,"featured_media":36817,"comment_status":"open","ping_status":"open","sticky":false,"template":"","format":"standard","meta":{"_links_to":"","_links_to_target":""},"categories":[3,1,10],"tags":[],"views":1305,"_links":{"self":[{"href":"https:\/\/www.brazilianpress.com\/v1\/wp-json\/wp\/v2\/posts\/36816"}],"collection":[{"href":"https:\/\/www.brazilianpress.com\/v1\/wp-json\/wp\/v2\/posts"}],"about":[{"href":"https:\/\/www.brazilianpress.com\/v1\/wp-json\/wp\/v2\/types\/post"}],"author":[{"embeddable":true,"href":"https:\/\/www.brazilianpress.com\/v1\/wp-json\/wp\/v2\/users\/1"}],"replies":[{"embeddable":true,"href":"https:\/\/www.brazilianpress.com\/v1\/wp-json\/wp\/v2\/comments?post=36816"}],"version-history":[{"count":1,"href":"https:\/\/www.brazilianpress.com\/v1\/wp-json\/wp\/v2\/posts\/36816\/revisions"}],"predecessor-version":[{"id":36818,"href":"https:\/\/www.brazilianpress.com\/v1\/wp-json\/wp\/v2\/posts\/36816\/revisions\/36818"}],"wp:featuredmedia":[{"embeddable":true,"href":"https:\/\/www.brazilianpress.com\/v1\/wp-json\/wp\/v2\/media\/36817"}],"wp:attachment":[{"href":"https:\/\/www.brazilianpress.com\/v1\/wp-json\/wp\/v2\/media?parent=36816"}],"wp:term":[{"taxonomy":"category","embeddable":true,"href":"https:\/\/www.brazilianpress.com\/v1\/wp-json\/wp\/v2\/categories?post=36816"},{"taxonomy":"post_tag","embeddable":true,"href":"https:\/\/www.brazilianpress.com\/v1\/wp-json\/wp\/v2\/tags?post=36816"}],"curies":[{"name":"wp","href":"https:\/\/api.w.org\/{rel}","templated":true}]}}