{"id":36830,"date":"2018-11-15T13:11:56","date_gmt":"2018-11-15T17:11:56","guid":{"rendered":"http:\/\/www.brazilianpress.com\/v1\/?p=36830"},"modified":"2018-11-15T13:11:56","modified_gmt":"2018-11-15T17:11:56","slug":"decisao-sobre-multa-de-fred-envolvendo-cruzeiro-e-atletico-mg-sera-anunciada-em-3-de-dezembro","status":"publish","type":"post","link":"https:\/\/www.brazilianpress.com\/v1\/2018\/11\/15\/decisao-sobre-multa-de-fred-envolvendo-cruzeiro-e-atletico-mg-sera-anunciada-em-3-de-dezembro\/","title":{"rendered":"Decis\u00e3o sobre &#8220;multa de Fred&#8221; envolvendo Cruzeiro e Atl\u00e9tico-MG ser\u00e1 anunciada em 3 de dezembro"},"content":{"rendered":"<p>O &#8220;caso Fred&#8221;, que envolve o atacante, o Atl\u00e9tico-MG e o Cruzeiro, ter\u00e1 um cap\u00edtulo important\u00edssimo no pr\u00f3ximo dia 3 de dezembro. A C\u00e2mara Nacional de Resolu\u00e7\u00e3o de Disputas (CNRD), da CBF, dar\u00e1, nesta data, o veredito em rela\u00e7\u00e3o \u00e0 multa de R$ 10 milh\u00f5es cobrada pelo Atl\u00e9tico-MG ap\u00f3s a transfer\u00eancia do camisa 9 para o Cruzeiro. A Raposa julga que a cobran\u00e7a \u00e9 indevida, e o Galo, entendendo que tem o direito de receber o valor, entrou com uma a\u00e7\u00e3o na c\u00e2mara arbitral da CBF. O caso se arrasta desde o in\u00edcio do ano.<\/p>\n<p>A decis\u00e3o do pr\u00f3ximo dia 3 n\u00e3o necessariamente ser\u00e1 a definitiva. O lado perdedor, seja qual for, pode entrar com um recurso. De qualquer maneira, o vencedor na decis\u00e3o do dia 3 dar\u00e1 um passo important\u00edssimo na &#8220;batalha jur\u00eddica&#8221;.<\/p>\n<p>O\u00a0GloboEsporte.com\u00a0conversou com representantes da diretoria do Atl\u00e9tico-MG e com o advogado Fernando Moura, que defende o atacante Fred no caso. Os dois lados est\u00e3o otimistas. Vale lembrar que o Cruzeiro tamb\u00e9m \u00e9 parte interessada no caso, j\u00e1 que ser\u00e1 o respons\u00e1vel pelo pagamento caso a CNRD julgue a multa procedente.<\/p>\n<p><strong>Relembre o caso<\/strong><\/p>\n<p>Ao acertar a\u00a0rescis\u00e3o do contrato com Fred, no dia 22 de dezembro de 2017, o Atl\u00e9tico-MG imp\u00f4s uma condi\u00e7\u00e3o: se o jogador fosse para o Cruzeiro, deveria pagar uma\u00a0multa de R$ 10 milh\u00f5es. Atleta e representantes aceitaram o acordo. Quando assinou com o Cruzeiro, no dia seguinte, o atacante notificou o clube celeste sobre a exist\u00eancia da multa, por meio de um documento, e deixou claro que s\u00f3 aceitaria assinar contrato caso a Raposa assumisse a d\u00edvida. Ciente da situa\u00e7\u00e3o, a diretoria cruzeirense contratou Fred e se responsabilizou pelo pagamento do valor.<\/p>\n<p>A multa deveria ter sido paga no dia subsequente \u00e0 publica\u00e7\u00e3o do contrato do jogador com o Cruzeiro no BID, da CBF, o que ocorreu no dia 16 de janeiro de 2018. N\u00e3o houve, por\u00e9m, o dep\u00f3sito em 17 de janeiro. A diretoria cruzeirense decidiu levar a avalia\u00e7\u00e3o da multa para o departamento jur\u00eddico.<\/p>\n<p>Ainda em janeiro,\u00a0o Atl\u00e9tico-MG ingressou com uma a\u00e7\u00e3o na C\u00e2mara Nacional de Resolu\u00e7\u00e3o de Disputas, da Confedera\u00e7\u00e3o Brasileira de Futebol (CBF), cobrando de Fred o pagamento da multa de R$ 10 milh\u00f5es. Desde ent\u00e3o, os \u00e1rbitros da CNRD analisam o caso, que se aproxima, agora, de uma primeira resposta oficial.<\/p>\n","protected":false},"excerpt":{"rendered":"<p>O &#8220;caso Fred&#8221;, que envolve o atacante, o Atl\u00e9tico-MG e o Cruzeiro, ter\u00e1 um cap\u00edtulo important\u00edssimo no pr\u00f3ximo dia 3 de dezembro. A C\u00e2mara Nacional de Resolu\u00e7\u00e3o de Disputas (CNRD), da CBF, dar\u00e1, nesta data, o veredito em rela\u00e7\u00e3o \u00e0 multa de R$ 10 milh\u00f5es cobrada pelo Atl\u00e9tico-MG ap\u00f3s a transfer\u00eancia do camisa 9 para o Cruzeiro. A Raposa julga que a cobran\u00e7a \u00e9 indevida, e o Galo, entendendo que tem o direito de receber o valor, entrou com uma a\u00e7\u00e3o na c\u00e2mara arbitral da CBF. O caso se arrasta desde o in\u00edcio do ano. A decis\u00e3o do pr\u00f3ximo dia [&hellip;]<\/p>\n","protected":false},"author":1,"featured_media":36825,"comment_status":"open","ping_status":"open","sticky":false,"template":"","format":"standard","meta":{"_links_to":"","_links_to_target":""},"categories":[9,1],"tags":[],"views":1293,"_links":{"self":[{"href":"https:\/\/www.brazilianpress.com\/v1\/wp-json\/wp\/v2\/posts\/36830"}],"collection":[{"href":"https:\/\/www.brazilianpress.com\/v1\/wp-json\/wp\/v2\/posts"}],"about":[{"href":"https:\/\/www.brazilianpress.com\/v1\/wp-json\/wp\/v2\/types\/post"}],"author":[{"embeddable":true,"href":"https:\/\/www.brazilianpress.com\/v1\/wp-json\/wp\/v2\/users\/1"}],"replies":[{"embeddable":true,"href":"https:\/\/www.brazilianpress.com\/v1\/wp-json\/wp\/v2\/comments?post=36830"}],"version-history":[{"count":1,"href":"https:\/\/www.brazilianpress.com\/v1\/wp-json\/wp\/v2\/posts\/36830\/revisions"}],"predecessor-version":[{"id":36831,"href":"https:\/\/www.brazilianpress.com\/v1\/wp-json\/wp\/v2\/posts\/36830\/revisions\/36831"}],"wp:featuredmedia":[{"embeddable":true,"href":"https:\/\/www.brazilianpress.com\/v1\/wp-json\/wp\/v2\/media\/36825"}],"wp:attachment":[{"href":"https:\/\/www.brazilianpress.com\/v1\/wp-json\/wp\/v2\/media?parent=36830"}],"wp:term":[{"taxonomy":"category","embeddable":true,"href":"https:\/\/www.brazilianpress.com\/v1\/wp-json\/wp\/v2\/categories?post=36830"},{"taxonomy":"post_tag","embeddable":true,"href":"https:\/\/www.brazilianpress.com\/v1\/wp-json\/wp\/v2\/tags?post=36830"}],"curies":[{"name":"wp","href":"https:\/\/api.w.org\/{rel}","templated":true}]}}