{"id":36841,"date":"2018-11-15T13:19:24","date_gmt":"2018-11-15T17:19:24","guid":{"rendered":"http:\/\/www.brazilianpress.com\/v1\/?p=36841"},"modified":"2018-11-15T13:19:24","modified_gmt":"2018-11-15T17:19:24","slug":"cientista-gaucha-ganha-premio-jovem-cientista-com-plastico-biodegradavel-feito-com-casca-de-maracuja","status":"publish","type":"post","link":"https:\/\/www.brazilianpress.com\/v1\/2018\/11\/15\/cientista-gaucha-ganha-premio-jovem-cientista-com-plastico-biodegradavel-feito-com-casca-de-maracuja\/","title":{"rendered":"Cientista ga\u00facha ganha Pr\u00eamio Jovem Cientista com \u201cpl\u00e1stico\u201d biodegrad\u00e1vel feito com casca de maracuj\u00e1"},"content":{"rendered":"<p>Dif\u00edcil dizer o que \u00e9 mais bacana: a inven\u00e7\u00e3o ou o engajamento e a preocupa\u00e7\u00e3o ambiental da estudante ga\u00facha,\u00a0Juliana Davoglio Estradioto, de 18 anos.<\/p>\n<p>A jovem levou o 1\u00ba lugar do\u00a0Pr\u00eamio Jovem Cientista, na categoria Ensino M\u00e9dio, com o desenvolvimento de um filme\u00a0\u201cpl\u00e1stico\u201d biodegrad\u00e1vel, feito a partir da\u00a0casca do maracuj\u00e1 amarelo, fruta abundante na cidade onde mora.<\/p>\n<p>Estudante do Instituto Federal de Educa\u00e7\u00e3o, Ci\u00eancia e Tecnologia do Rio Grande do Sul (IFRS), Juliana buscou um substituto para as tradicionais\u00a0embalagens\u00a0de mudas de plantas, utilizadas atualmente, e que geram alta quantidade de\u00a0res\u00edduos\u00a0na agricultura. \u201cQuando se realiza a produ\u00e7\u00e3o industrial do suco de maracuj\u00e1, geleias ou a polpa da fruta, a casca acaba sendo descartada e vai direto para terrenos baldios e aterros sanit\u00e1rios\u201d, explicou a jovem, em\u00a0entrevista ao portal UOL.<\/p>\n<p>Foram necess\u00e1rios 12 meses para completar a pesquisa. Segundo Juliana, a inova\u00e7\u00e3o reduz a polui\u00e7\u00e3o causada pelos sacos pl\u00e1sticos convencionais, j\u00e1 que, em apenas dias se decomp\u00f5e no meio ambiente. Por isso mesmo, a embalagem n\u00e3o precisa ser retirada no momento do plantio. Vale lembrar que o pl\u00e1stico normal demorar centenas de anos para se desintegrar na natureza.<\/p>\n","protected":false},"excerpt":{"rendered":"<p>Dif\u00edcil dizer o que \u00e9 mais bacana: a inven\u00e7\u00e3o ou o engajamento e a preocupa\u00e7\u00e3o ambiental da estudante ga\u00facha,\u00a0Juliana Davoglio Estradioto, de 18 anos. A jovem levou o 1\u00ba lugar do\u00a0Pr\u00eamio Jovem Cientista, na categoria Ensino M\u00e9dio, com o desenvolvimento de um filme\u00a0\u201cpl\u00e1stico\u201d biodegrad\u00e1vel, feito a partir da\u00a0casca do maracuj\u00e1 amarelo, fruta abundante na cidade onde mora. Estudante do Instituto Federal de Educa\u00e7\u00e3o, Ci\u00eancia e Tecnologia do Rio Grande do Sul (IFRS), Juliana buscou um substituto para as tradicionais\u00a0embalagens\u00a0de mudas de plantas, utilizadas atualmente, e que geram alta quantidade de\u00a0res\u00edduos\u00a0na agricultura. \u201cQuando se realiza a produ\u00e7\u00e3o industrial do suco de [&hellip;]<\/p>\n","protected":false},"author":1,"featured_media":36842,"comment_status":"open","ping_status":"open","sticky":false,"template":"","format":"standard","meta":{"_links_to":"","_links_to_target":""},"categories":[7,1],"tags":[],"views":1762,"_links":{"self":[{"href":"https:\/\/www.brazilianpress.com\/v1\/wp-json\/wp\/v2\/posts\/36841"}],"collection":[{"href":"https:\/\/www.brazilianpress.com\/v1\/wp-json\/wp\/v2\/posts"}],"about":[{"href":"https:\/\/www.brazilianpress.com\/v1\/wp-json\/wp\/v2\/types\/post"}],"author":[{"embeddable":true,"href":"https:\/\/www.brazilianpress.com\/v1\/wp-json\/wp\/v2\/users\/1"}],"replies":[{"embeddable":true,"href":"https:\/\/www.brazilianpress.com\/v1\/wp-json\/wp\/v2\/comments?post=36841"}],"version-history":[{"count":1,"href":"https:\/\/www.brazilianpress.com\/v1\/wp-json\/wp\/v2\/posts\/36841\/revisions"}],"predecessor-version":[{"id":36843,"href":"https:\/\/www.brazilianpress.com\/v1\/wp-json\/wp\/v2\/posts\/36841\/revisions\/36843"}],"wp:featuredmedia":[{"embeddable":true,"href":"https:\/\/www.brazilianpress.com\/v1\/wp-json\/wp\/v2\/media\/36842"}],"wp:attachment":[{"href":"https:\/\/www.brazilianpress.com\/v1\/wp-json\/wp\/v2\/media?parent=36841"}],"wp:term":[{"taxonomy":"category","embeddable":true,"href":"https:\/\/www.brazilianpress.com\/v1\/wp-json\/wp\/v2\/categories?post=36841"},{"taxonomy":"post_tag","embeddable":true,"href":"https:\/\/www.brazilianpress.com\/v1\/wp-json\/wp\/v2\/tags?post=36841"}],"curies":[{"name":"wp","href":"https:\/\/api.w.org\/{rel}","templated":true}]}}