{"id":36844,"date":"2018-11-15T13:21:51","date_gmt":"2018-11-15T17:21:51","guid":{"rendered":"http:\/\/www.brazilianpress.com\/v1\/?p=36844"},"modified":"2018-11-15T13:21:51","modified_gmt":"2018-11-15T17:21:51","slug":"professor-brasileiro-e-premiado-pelo-facebook-por-pesquisa-sobre-combate-a-exclusao-digital","status":"publish","type":"post","link":"https:\/\/www.brazilianpress.com\/v1\/2018\/11\/15\/professor-brasileiro-e-premiado-pelo-facebook-por-pesquisa-sobre-combate-a-exclusao-digital\/","title":{"rendered":"Professor brasileiro \u00e9 premiado pelo Facebook por pesquisa sobre combate \u00e0 exclus\u00e3o digital"},"content":{"rendered":"<p>Com projeto de\u00a0combate \u00e0 exclus\u00e3o digital, o professor\u00a0Marcelo Medeiros Eler, do curso de Sistemas de Informa\u00e7\u00e3o da Escola de Artes, Ci\u00eancias e Humanidades da USP), foi um dos premiados no\u00a0Facebook Testing and Verification Research Awards.<\/p>\n<p>O projeto\u00a0Automated Accessibility Testing of Mobile Apps, de autoria de Eler \u2013 em parceria com os tamb\u00e9m premiados Gordon Fraser, da Universidade de Passau na Alemanha, e Jos\u00e9 Miguel Rojas, da Universidade de Leicester, Inglaterra, foi um dos 10 projetos selecionados entre os 145 submetidos para o pr\u00eamio da rede social.<\/p>\n<p>A pesquisa tem como base e motiva\u00e7\u00e3o as contribui\u00e7\u00f5es iniciais descritas em artigo de mesmo nome, publicado recentemente em uma confer\u00eancia internacional de teste de\u00a0software.<\/p>\n<p>\u201cDesenvolvemos t\u00e9cnicas para avaliar e testar automaticamente aplicativos de celular quanto \u00e0\u00a0acessibilidade digital\u00a0para usu\u00e1rios com defici\u00eancia, seja motora, intelectual, de audi\u00e7\u00e3o ou visual\u201d, disse Eler \u00e0 Ag\u00eancia Fapesp.<\/p>\n<p>Ele explica que celulares e computadores geralmente t\u00eam\u00a0softwares\u00a0como leitores de telas, que auxiliam usu\u00e1rios cegos, por exemplo. \u201cNo entanto, para que eles funcionem adequadamente, alguns recursos t\u00eam que ser implementados nos aplicativos, caso contr\u00e1rio o usu\u00e1rio n\u00e3o tem informa\u00e7\u00f5es suficientes para us\u00e1-los\u201d, disse.<\/p>\n<p>Com apoio da FAPESP por meio de uma\u00a0Bolsa de Pesquisa no Exterior\u00a0na University of Sheffield, no Reino Unido, Eler desenvolveu a ferramenta MATE (Mobile Accessibility Testing), que explora automaticamente aplicativos por meio de diferentes testes de acessibilidade.<\/p>\n<p>Para cada problema detectado, a ferramenta gera um relat\u00f3rio detalhado que d\u00e1 suporte ao desenvolvedor na corre\u00e7\u00e3o desse problema.<\/p>\n<p>Al\u00e9m de pr\u00eamio no valor de US$ 10 mil para uso no projeto, os vencedores participar\u00e3o de um\u00a0workshop\u00a0realizado no escrit\u00f3rio do Facebook em Londres, em 27 de novembro. O\u00a0workshop\u00a0faz parte do Simp\u00f3sio TAV do Facebook, que tem o objetivo de construir colabora\u00e7\u00e3o significativa e interc\u00e2mbio entre pesquisa cient\u00edfica de Testes e Verifica\u00e7\u00e3o realizados na academia e na ind\u00fastria.<\/p>\n<p>\u201cAgora, queremos melhorar o prot\u00f3tipo e ampliar os testes. Ainda temos limita\u00e7\u00f5es na explora\u00e7\u00e3o de aplicativos ou \u00e1reas de aplicativos que exigem login, senha ou CPF, por exemplo. Precisamos melhorar o processo de explora\u00e7\u00e3o autom\u00e1tica. Outra demanda \u00e9 que nem todas as quest\u00f5es de acessibilidade podem ser avaliadas automaticamente porque dependem de contexto e julgamento humano, que a m\u00e1quina n\u00e3o consegue decidir\u201d, disse Eler.<\/p>\n<p>O objetivo dos pesquisadores \u00e9 descobrir quais s\u00e3o as quest\u00f5es de acessibilidade que podem ser decididas automaticamente para ampliar o prot\u00f3tipo com novas t\u00e9cnicas que atendam essas quest\u00f5es detect\u00e1veis pela m\u00e1quina e assim diminuir o trabalho realizado manualmente.<\/p>\n<p>Para tanto, Eler acaba de ter aprovado pela Fapesp um\u00a0Aux\u00edlio \u00e0 Pesquisa Regular, em que pretende colaborar com a automa\u00e7\u00e3o da avalia\u00e7\u00e3o de aplica\u00e7\u00f5es m\u00f3veis. A amplia\u00e7\u00e3o do prot\u00f3tipo e o melhoramento dos testes ter\u00e3o o apoio de colaboradores do Brasil, como alunos de p\u00f3s-gradua\u00e7\u00e3o da USP, e do exterior.<\/p>\n","protected":false},"excerpt":{"rendered":"<p>Com projeto de\u00a0combate \u00e0 exclus\u00e3o digital, o professor\u00a0Marcelo Medeiros Eler, do curso de Sistemas de Informa\u00e7\u00e3o da Escola de Artes, Ci\u00eancias e Humanidades da USP), foi um dos premiados no\u00a0Facebook Testing and Verification Research Awards. O projeto\u00a0Automated Accessibility Testing of Mobile Apps, de autoria de Eler \u2013 em parceria com os tamb\u00e9m premiados Gordon Fraser, da Universidade de Passau na Alemanha, e Jos\u00e9 Miguel Rojas, da Universidade de Leicester, Inglaterra, foi um dos 10 projetos selecionados entre os 145 submetidos para o pr\u00eamio da rede social. A pesquisa tem como base e motiva\u00e7\u00e3o as contribui\u00e7\u00f5es iniciais descritas em artigo de [&hellip;]<\/p>\n","protected":false},"author":1,"featured_media":36845,"comment_status":"open","ping_status":"open","sticky":false,"template":"","format":"standard","meta":{"_links_to":"","_links_to_target":""},"categories":[7,1],"tags":[],"views":1361,"_links":{"self":[{"href":"https:\/\/www.brazilianpress.com\/v1\/wp-json\/wp\/v2\/posts\/36844"}],"collection":[{"href":"https:\/\/www.brazilianpress.com\/v1\/wp-json\/wp\/v2\/posts"}],"about":[{"href":"https:\/\/www.brazilianpress.com\/v1\/wp-json\/wp\/v2\/types\/post"}],"author":[{"embeddable":true,"href":"https:\/\/www.brazilianpress.com\/v1\/wp-json\/wp\/v2\/users\/1"}],"replies":[{"embeddable":true,"href":"https:\/\/www.brazilianpress.com\/v1\/wp-json\/wp\/v2\/comments?post=36844"}],"version-history":[{"count":1,"href":"https:\/\/www.brazilianpress.com\/v1\/wp-json\/wp\/v2\/posts\/36844\/revisions"}],"predecessor-version":[{"id":36846,"href":"https:\/\/www.brazilianpress.com\/v1\/wp-json\/wp\/v2\/posts\/36844\/revisions\/36846"}],"wp:featuredmedia":[{"embeddable":true,"href":"https:\/\/www.brazilianpress.com\/v1\/wp-json\/wp\/v2\/media\/36845"}],"wp:attachment":[{"href":"https:\/\/www.brazilianpress.com\/v1\/wp-json\/wp\/v2\/media?parent=36844"}],"wp:term":[{"taxonomy":"category","embeddable":true,"href":"https:\/\/www.brazilianpress.com\/v1\/wp-json\/wp\/v2\/categories?post=36844"},{"taxonomy":"post_tag","embeddable":true,"href":"https:\/\/www.brazilianpress.com\/v1\/wp-json\/wp\/v2\/tags?post=36844"}],"curies":[{"name":"wp","href":"https:\/\/api.w.org\/{rel}","templated":true}]}}