{"id":36850,"date":"2018-11-15T13:28:56","date_gmt":"2018-11-15T17:28:56","guid":{"rendered":"http:\/\/www.brazilianpress.com\/v1\/?p=36850"},"modified":"2018-11-15T13:28:56","modified_gmt":"2018-11-15T17:28:56","slug":"traficantes-do-cartel-de-sinaloa-mexico-sao-presos-em-new-jersey","status":"publish","type":"post","link":"https:\/\/www.brazilianpress.com\/v1\/2018\/11\/15\/traficantes-do-cartel-de-sinaloa-mexico-sao-presos-em-new-jersey\/","title":{"rendered":"Traficantes do cartel de Sinaloa, M\u00e9xico, s\u00e3o presos em New Jersey"},"content":{"rendered":"<p>Dois homens do estado mexicano de Sinaloa foram presos em New Jersey, por acusa\u00e7\u00f5es de tr\u00e1fico de drogas depois que as autoridades confiscaram US $ 3 milh\u00f5es em metanfetamina e hero\u00edna.<\/p>\n<p>R\u00f3mulo Chaidez Medrano, 26, e Arc\u00eanio Chaidez Medrano, 36 anos, ambos de Sinaloa, M\u00e9xico, enfrentam acusa\u00e7\u00f5es de posse de drogas com a inten\u00e7\u00e3o de comercializ\u00e1-las. Autoridades confiscaram metanfetamina cristalina, hero\u00edna e fentanil, de acordo com o an\u00fancio de ter\u00e7a-feira de Dennis Calo, promotor p\u00fablico interino do condado de Bergen.<\/p>\n<p>Na sexta-feira, ap\u00f3s uma investiga\u00e7\u00e3o, membros do Minist\u00e9rio P\u00fablico receberam informa\u00e7\u00f5es de que R\u00f3mulo e Arcenio estavam viajando para o condado de Bergen com a inten\u00e7\u00e3o de distribuir a droga. Segundo os promotores, os homens foram posteriormente localizados em Hasbrouck Heights e presos. Quando foram presos, os acusados \u200b\u200besconderam 13 quilos de metanfetamina cristalina, 3,5 quilos de hero\u00edna, 6,255 de comprimidos de fentanil e tr\u00eas quilos de fentanil cru. A droga tem um valor estimado de US $ 3.000.000 no mercado negro, dizem as autoridades.<\/p>\n","protected":false},"excerpt":{"rendered":"<p>Dois homens do estado mexicano de Sinaloa foram presos em New Jersey, por acusa\u00e7\u00f5es de tr\u00e1fico de drogas depois que as autoridades confiscaram US $ 3 milh\u00f5es em metanfetamina e hero\u00edna. R\u00f3mulo Chaidez Medrano, 26, e Arc\u00eanio Chaidez Medrano, 36 anos, ambos de Sinaloa, M\u00e9xico, enfrentam acusa\u00e7\u00f5es de posse de drogas com a inten\u00e7\u00e3o de comercializ\u00e1-las. Autoridades confiscaram metanfetamina cristalina, hero\u00edna e fentanil, de acordo com o an\u00fancio de ter\u00e7a-feira de Dennis Calo, promotor p\u00fablico interino do condado de Bergen. Na sexta-feira, ap\u00f3s uma investiga\u00e7\u00e3o, membros do Minist\u00e9rio P\u00fablico receberam informa\u00e7\u00f5es de que R\u00f3mulo e Arcenio estavam viajando para o [&hellip;]<\/p>\n","protected":false},"author":1,"featured_media":36851,"comment_status":"open","ping_status":"open","sticky":false,"template":"","format":"standard","meta":{"_links_to":"","_links_to_target":""},"categories":[4,3,1],"tags":[],"views":3002,"_links":{"self":[{"href":"https:\/\/www.brazilianpress.com\/v1\/wp-json\/wp\/v2\/posts\/36850"}],"collection":[{"href":"https:\/\/www.brazilianpress.com\/v1\/wp-json\/wp\/v2\/posts"}],"about":[{"href":"https:\/\/www.brazilianpress.com\/v1\/wp-json\/wp\/v2\/types\/post"}],"author":[{"embeddable":true,"href":"https:\/\/www.brazilianpress.com\/v1\/wp-json\/wp\/v2\/users\/1"}],"replies":[{"embeddable":true,"href":"https:\/\/www.brazilianpress.com\/v1\/wp-json\/wp\/v2\/comments?post=36850"}],"version-history":[{"count":1,"href":"https:\/\/www.brazilianpress.com\/v1\/wp-json\/wp\/v2\/posts\/36850\/revisions"}],"predecessor-version":[{"id":36852,"href":"https:\/\/www.brazilianpress.com\/v1\/wp-json\/wp\/v2\/posts\/36850\/revisions\/36852"}],"wp:featuredmedia":[{"embeddable":true,"href":"https:\/\/www.brazilianpress.com\/v1\/wp-json\/wp\/v2\/media\/36851"}],"wp:attachment":[{"href":"https:\/\/www.brazilianpress.com\/v1\/wp-json\/wp\/v2\/media?parent=36850"}],"wp:term":[{"taxonomy":"category","embeddable":true,"href":"https:\/\/www.brazilianpress.com\/v1\/wp-json\/wp\/v2\/categories?post=36850"},{"taxonomy":"post_tag","embeddable":true,"href":"https:\/\/www.brazilianpress.com\/v1\/wp-json\/wp\/v2\/tags?post=36850"}],"curies":[{"name":"wp","href":"https:\/\/api.w.org\/{rel}","templated":true}]}}