{"id":36859,"date":"2018-11-19T07:58:51","date_gmt":"2018-11-19T11:58:51","guid":{"rendered":"http:\/\/www.brazilianpress.com\/v1\/?p=36859"},"modified":"2018-11-19T07:58:51","modified_gmt":"2018-11-19T11:58:51","slug":"morando-nos-eua-atriz-fernanda-machado-revela-tragedia-na-familia","status":"publish","type":"post","link":"https:\/\/www.brazilianpress.com\/v1\/2018\/11\/19\/morando-nos-eua-atriz-fernanda-machado-revela-tragedia-na-familia\/","title":{"rendered":"Morando nos EUA, atriz Fernanda Machado revela trag\u00e9dia na fam\u00edlia"},"content":{"rendered":"<p><strong>Fernanda Machado falou em entrevista sobre a sua vida nos Estados Unidos e uma trag\u00e9dia que abalou a fam\u00edlia do marido, por causa de um epis\u00f3dio envolvendo um inc\u00eandio na Calif\u00f3rnia.<\/strong><\/p>\n<p>A regi\u00e3o, que novamente passa por um inc\u00eandio, j\u00e1 considerado o maior da hist\u00f3ria do estado, provocou lembran\u00e7as em Machado, que h\u00e1 20 anos pr\u00e1tica ioga, mas n\u00e3o imaginava que dela tiraria for\u00e7as para se recuperar. Nos Estados Unidos, Fernanda tem ensinado a pr\u00e1tica milenar.<\/p>\n<p>\u201cA ioga me trouxe muita luz no momento mais dif\u00edcil da minha vida, perdi minha sogra em um deslizamento de terra que aconteceu logo ap\u00f3s o Thomas Fire (um inc\u00eandio, no fim de 2017), aqui na Calif\u00f3rnia. Foi um grande choque para a gente. Na ioga, me equilibrei e me fortaleci para lidar com todas as dificuldades da trag\u00e9dia\u201d, revelou ao jornal Extra. \u201cFoi a\u00ed que resolvi aprofundar na filosofia e fiz o curso para dar aula\u201d, contou Fernanda. Ela, que est\u00e1 no ar na s\u00e9rie \u201cImpuros\u201d, da Fox no Brasil, \u00e9 casada e m\u00e3e de um garoto de 3 anos. A ideia \u00e9 aumentar a fam\u00edlia. \u201cQueremos muito dar um irm\u00e3o ou uma irm\u00e3 para o Lucca, sim. Ele j\u00e1 vem pedindo um beb\u00eazinho\u201d, disse.<\/p>\n<p><img src=\"http:\/\/canaleua.com\/wp-content\/uploads\/2018\/04\/foto1770.jpg\" alt=\"Resultado de imagem para fernanda machado eua\" \/><\/p>\n<p>Fernanda, que est\u00e1 longe da TV, declarou que a s\u00e9rie a fez reviver a vontade de atuar. \u201cAdorei fazer a s\u00e9rie, o roteiro \u00e9 incr\u00edvel, a minha personagem \u00e9 uma mulher forte, o elenco e os diretores s\u00e3o super talentosos, foi muito bom voltar com um trabalho t\u00e3o bacana e especial\u201d, elogiou, fazendo um an\u00fancio. \u201cDevo voltar para o Brasil em breve para as grava\u00e7\u00f5es da segunda temporada da s\u00e9rie, devo passar novamente uns tr\u00eas meses gravando no Rio\u201d.<\/p>\n<p><img src=\"https:\/\/www.estrelando.com.br\/uploads\/2018\/11\/17\/fernandamachado-1542452687.png\" alt=\"Resultado de imagem para fernanda machado eua\" \/><\/p>\n<p>Sobre a ioga, Fernanda Machado contou que convive com ela h\u00e1 20 anos, como um exerc\u00edcio de conhecimento de si mesma. \u201cMinha hist\u00f3ria com a ioga \u00e9 longa, pratico h\u00e1 20 anos. Sempre voltava para o meu tapete entre um trabalho e outro para me equilibrar e sempre tive vontade de aprofundar minha pr\u00e1tica, mas nunca tive tempo pra isso. Hoje tento levar para outras pessoas todos os benef\u00edcios que ela me trouxe e me traz. Tem sido muito especial ajudar pessoas atrav\u00e9s da ioga\u201d, argumentou. Quando se mudou para Los Angeles, Machado pensou em seguir a carreira internacional. \u201cJ\u00e1 tive uma agente em Los Angeles, mas assim que me mudei pra c\u00e1, eu engravidei e resolvi desacelerar tudo para ser m\u00e3e. Quando voltei do Brasil depois de filmar a s\u00e9rie, no come\u00e7o desse ano, pensei em retomar meus contatos em Los Angeles, mas a\u00ed a trag\u00e9dia aconteceu e acabei me envolvendo muito com a ioga\u201d, relembrou.<\/p>\n","protected":false},"excerpt":{"rendered":"<p>Fernanda Machado falou em entrevista sobre a sua vida nos Estados Unidos e uma trag\u00e9dia que abalou a fam\u00edlia do marido, por causa de um epis\u00f3dio envolvendo um inc\u00eandio na Calif\u00f3rnia. A regi\u00e3o, que novamente passa por um inc\u00eandio, j\u00e1 considerado o maior da hist\u00f3ria do estado, provocou lembran\u00e7as em Machado, que h\u00e1 20 anos pr\u00e1tica ioga, mas n\u00e3o imaginava que dela tiraria for\u00e7as para se recuperar. Nos Estados Unidos, Fernanda tem ensinado a pr\u00e1tica milenar. \u201cA ioga me trouxe muita luz no momento mais dif\u00edcil da minha vida, perdi minha sogra em um deslizamento de terra que aconteceu logo [&hellip;]<\/p>\n","protected":false},"author":1,"featured_media":36860,"comment_status":"open","ping_status":"open","sticky":false,"template":"","format":"standard","meta":{"_links_to":"","_links_to_target":""},"categories":[4,3,1],"tags":[],"views":2765,"_links":{"self":[{"href":"https:\/\/www.brazilianpress.com\/v1\/wp-json\/wp\/v2\/posts\/36859"}],"collection":[{"href":"https:\/\/www.brazilianpress.com\/v1\/wp-json\/wp\/v2\/posts"}],"about":[{"href":"https:\/\/www.brazilianpress.com\/v1\/wp-json\/wp\/v2\/types\/post"}],"author":[{"embeddable":true,"href":"https:\/\/www.brazilianpress.com\/v1\/wp-json\/wp\/v2\/users\/1"}],"replies":[{"embeddable":true,"href":"https:\/\/www.brazilianpress.com\/v1\/wp-json\/wp\/v2\/comments?post=36859"}],"version-history":[{"count":1,"href":"https:\/\/www.brazilianpress.com\/v1\/wp-json\/wp\/v2\/posts\/36859\/revisions"}],"predecessor-version":[{"id":36861,"href":"https:\/\/www.brazilianpress.com\/v1\/wp-json\/wp\/v2\/posts\/36859\/revisions\/36861"}],"wp:featuredmedia":[{"embeddable":true,"href":"https:\/\/www.brazilianpress.com\/v1\/wp-json\/wp\/v2\/media\/36860"}],"wp:attachment":[{"href":"https:\/\/www.brazilianpress.com\/v1\/wp-json\/wp\/v2\/media?parent=36859"}],"wp:term":[{"taxonomy":"category","embeddable":true,"href":"https:\/\/www.brazilianpress.com\/v1\/wp-json\/wp\/v2\/categories?post=36859"},{"taxonomy":"post_tag","embeddable":true,"href":"https:\/\/www.brazilianpress.com\/v1\/wp-json\/wp\/v2\/tags?post=36859"}],"curies":[{"name":"wp","href":"https:\/\/api.w.org\/{rel}","templated":true}]}}