{"id":36876,"date":"2018-11-22T08:04:37","date_gmt":"2018-11-22T12:04:37","guid":{"rendered":"http:\/\/www.brazilianpress.com\/v1\/?p=36876"},"modified":"2018-11-22T08:04:37","modified_gmt":"2018-11-22T12:04:37","slug":"social-press-22112018","status":"publish","type":"post","link":"https:\/\/www.brazilianpress.com\/v1\/2018\/11\/22\/social-press-22112018\/","title":{"rendered":"Social Press . 22\/11\/2018"},"content":{"rendered":"<p><em><strong><img loading=\"lazy\" class=\"alignnone size-full wp-image-36869\" src=\"http:\/\/www.brazilianpress.com\/v1\/wp-content\/uploads\/2018\/11\/social-press-ed1915-20181122-1.jpg\" alt=\"\" width=\"620\" height=\"414\" srcset=\"https:\/\/www.brazilianpress.com\/v1\/wp-content\/uploads\/2018\/11\/social-press-ed1915-20181122-1.jpg 620w, https:\/\/www.brazilianpress.com\/v1\/wp-content\/uploads\/2018\/11\/social-press-ed1915-20181122-1-300x200.jpg 300w\" sizes=\"(max-width: 620px) 100vw, 620px\" \/><br \/>\nHappy birthday o amigo Julio Faria que comemorou seu niver ao lado da patroa Vanessa e com muitos amigos no Boi na Brasa Adams St, Parab\u00e9ns Julio e muitas felicidades!<\/strong><\/em><\/p>\n<p><em><strong><img loading=\"lazy\" class=\"alignnone size-full wp-image-36870\" src=\"http:\/\/www.brazilianpress.com\/v1\/wp-content\/uploads\/2018\/11\/social-press-ed1915-20181122-2.jpg\" alt=\"\" width=\"620\" height=\"395\" srcset=\"https:\/\/www.brazilianpress.com\/v1\/wp-content\/uploads\/2018\/11\/social-press-ed1915-20181122-2.jpg 620w, https:\/\/www.brazilianpress.com\/v1\/wp-content\/uploads\/2018\/11\/social-press-ed1915-20181122-2-300x191.jpg 300w\" sizes=\"(max-width: 620px) 100vw, 620px\" \/><br \/>\nSempre atenta as belas mudan\u00e7as da natureza, nossa amiga Francisca Jacinta aproveitou uma tarde ensolarada de Outono ao lado do filh\u00e3o durante um ensaio de fotos.<\/strong><\/em><\/p>\n<p><em><strong><img loading=\"lazy\" class=\"alignnone size-full wp-image-36871\" src=\"http:\/\/www.brazilianpress.com\/v1\/wp-content\/uploads\/2018\/11\/social-press-ed1915-20181122-3.jpg\" alt=\"\" width=\"620\" height=\"472\" srcset=\"https:\/\/www.brazilianpress.com\/v1\/wp-content\/uploads\/2018\/11\/social-press-ed1915-20181122-3.jpg 620w, https:\/\/www.brazilianpress.com\/v1\/wp-content\/uploads\/2018\/11\/social-press-ed1915-20181122-3-300x228.jpg 300w\" sizes=\"(max-width: 620px) 100vw, 620px\" \/><br \/>\nHapy Birthday ao pequeno Logan que celebrou seu primeiro anivers\u00e1rio com muita alegria ao lado dos pais Carolinne e Januario Budniak durante elegante festa em Newark.<\/strong><\/em><\/p>\n<p><em><strong><img loading=\"lazy\" class=\"alignnone size-full wp-image-36872\" src=\"http:\/\/www.brazilianpress.com\/v1\/wp-content\/uploads\/2018\/11\/social-press-ed1915-20181122-4.jpg\" alt=\"\" width=\"620\" height=\"411\" srcset=\"https:\/\/www.brazilianpress.com\/v1\/wp-content\/uploads\/2018\/11\/social-press-ed1915-20181122-4.jpg 620w, https:\/\/www.brazilianpress.com\/v1\/wp-content\/uploads\/2018\/11\/social-press-ed1915-20181122-4-300x199.jpg 300w\" sizes=\"(max-width: 620px) 100vw, 620px\" \/><br \/>\nSauda\u00e7\u00f5es as mulheres empreendedoras que reuniram-se no evento S\u00e1bado Especial Amazonia Brasil em Newark, Vanessa Mahlu, Erica, Dora, Ana Paula, Claudineia e Brianda Nutricionista. Sucesso!<\/strong><\/em><\/p>\n<p><em><strong><img loading=\"lazy\" class=\"alignnone size-full wp-image-36873\" src=\"http:\/\/www.brazilianpress.com\/v1\/wp-content\/uploads\/2018\/11\/social-press-ed1915-20181122-5.jpg\" alt=\"\" width=\"620\" height=\"478\" srcset=\"https:\/\/www.brazilianpress.com\/v1\/wp-content\/uploads\/2018\/11\/social-press-ed1915-20181122-5.jpg 620w, https:\/\/www.brazilianpress.com\/v1\/wp-content\/uploads\/2018\/11\/social-press-ed1915-20181122-5-300x231.jpg 300w\" sizes=\"(max-width: 620px) 100vw, 620px\" \/><br \/>\nNossa amiga Elisa Alves de Oliveira aproveitou a forte nevasca da \u00faltima semana de maneira tradicional, clicando a manifesta\u00e7\u00e3o branquinha no Central Park.<\/strong><\/em><\/p>\n<p><em><strong><img loading=\"lazy\" class=\"alignnone size-full wp-image-36874\" src=\"http:\/\/www.brazilianpress.com\/v1\/wp-content\/uploads\/2018\/11\/social-press-ed1915-20181122-6.jpg\" alt=\"\" width=\"620\" height=\"518\" srcset=\"https:\/\/www.brazilianpress.com\/v1\/wp-content\/uploads\/2018\/11\/social-press-ed1915-20181122-6.jpg 620w, https:\/\/www.brazilianpress.com\/v1\/wp-content\/uploads\/2018\/11\/social-press-ed1915-20181122-6-300x251.jpg 300w\" sizes=\"(max-width: 620px) 100vw, 620px\" \/><br \/>\nHappy Birthday ao camarada manager do Dunkin Donuts no River Bank Park, Paresh Patel, celebrando com muita alegria ao lado de amigos e familiares. Many Blessings!<\/strong><\/em><\/p>\n<p><em><strong><img loading=\"lazy\" class=\"alignnone size-full wp-image-36875\" src=\"http:\/\/www.brazilianpress.com\/v1\/wp-content\/uploads\/2018\/11\/social-press-ed1915-20181122-7.jpg\" alt=\"\" width=\"620\" height=\"465\" srcset=\"https:\/\/www.brazilianpress.com\/v1\/wp-content\/uploads\/2018\/11\/social-press-ed1915-20181122-7.jpg 620w, https:\/\/www.brazilianpress.com\/v1\/wp-content\/uploads\/2018\/11\/social-press-ed1915-20181122-7-300x225.jpg 300w\" sizes=\"(max-width: 620px) 100vw, 620px\" \/><br \/>\nCheia de disposi\u00e7\u00e3o e bom humor, Carol Reimao Pereira levou a garotada para brincar de boneco de gelo no parque, colecionando momentos m\u00e1gicos entre fam\u00edlia durante a Neve de quinta passada.<\/strong><\/em><\/p>\n","protected":false},"excerpt":{"rendered":"<p>Happy birthday o amigo Julio Faria que comemorou seu niver ao lado da patroa Vanessa e com muitos amigos no Boi na Brasa Adams St, Parab\u00e9ns Julio e muitas felicidades! Sempre atenta as belas mudan\u00e7as da natureza, nossa amiga Francisca Jacinta aproveitou uma tarde ensolarada de Outono ao lado do filh\u00e3o durante um ensaio de fotos. Hapy Birthday ao pequeno Logan que celebrou seu primeiro anivers\u00e1rio com muita alegria ao lado dos pais Carolinne e Januario Budniak durante elegante festa em Newark. Sauda\u00e7\u00f5es as mulheres empreendedoras que reuniram-se no evento S\u00e1bado Especial Amazonia Brasil em Newark, Vanessa Mahlu, Erica, Dora, [&hellip;]<\/p>\n","protected":false},"author":1,"featured_media":36869,"comment_status":"open","ping_status":"open","sticky":false,"template":"","format":"standard","meta":{"_links_to":"","_links_to_target":""},"categories":[3,1,6],"tags":[],"views":1995,"_links":{"self":[{"href":"https:\/\/www.brazilianpress.com\/v1\/wp-json\/wp\/v2\/posts\/36876"}],"collection":[{"href":"https:\/\/www.brazilianpress.com\/v1\/wp-json\/wp\/v2\/posts"}],"about":[{"href":"https:\/\/www.brazilianpress.com\/v1\/wp-json\/wp\/v2\/types\/post"}],"author":[{"embeddable":true,"href":"https:\/\/www.brazilianpress.com\/v1\/wp-json\/wp\/v2\/users\/1"}],"replies":[{"embeddable":true,"href":"https:\/\/www.brazilianpress.com\/v1\/wp-json\/wp\/v2\/comments?post=36876"}],"version-history":[{"count":1,"href":"https:\/\/www.brazilianpress.com\/v1\/wp-json\/wp\/v2\/posts\/36876\/revisions"}],"predecessor-version":[{"id":36877,"href":"https:\/\/www.brazilianpress.com\/v1\/wp-json\/wp\/v2\/posts\/36876\/revisions\/36877"}],"wp:featuredmedia":[{"embeddable":true,"href":"https:\/\/www.brazilianpress.com\/v1\/wp-json\/wp\/v2\/media\/36869"}],"wp:attachment":[{"href":"https:\/\/www.brazilianpress.com\/v1\/wp-json\/wp\/v2\/media?parent=36876"}],"wp:term":[{"taxonomy":"category","embeddable":true,"href":"https:\/\/www.brazilianpress.com\/v1\/wp-json\/wp\/v2\/categories?post=36876"},{"taxonomy":"post_tag","embeddable":true,"href":"https:\/\/www.brazilianpress.com\/v1\/wp-json\/wp\/v2\/tags?post=36876"}],"curies":[{"name":"wp","href":"https:\/\/api.w.org\/{rel}","templated":true}]}}