{"id":36893,"date":"2018-11-22T09:24:07","date_gmt":"2018-11-22T13:24:07","guid":{"rendered":"http:\/\/www.brazilianpress.com\/v1\/?p=36893"},"modified":"2018-11-22T09:24:55","modified_gmt":"2018-11-22T13:24:55","slug":"traficante-brasileiro-preso-no-paraguai-mata-jovem-dentro-da-cela-para-nao-ser-extraditado-11","status":"publish","type":"post","link":"https:\/\/www.brazilianpress.com\/v1\/2018\/11\/22\/traficante-brasileiro-preso-no-paraguai-mata-jovem-dentro-da-cela-para-nao-ser-extraditado-11\/","title":{"rendered":"Traficante brasileiro preso no Paraguai mata jovem dentro da cela para n\u00e3o ser extraditado"},"content":{"rendered":"<p>O presidente do Paraguai, Mario Abdo Ben\u00edtez, trocou no domingo (18) o comandante e o subcomandante da Pol\u00edcia Nacional ap\u00f3s uma\u00a0jovem ser assassinada ontem (17) na cela do traficante brasileiro Marcelo Piloto.<\/p>\n<p>Segundo o jornal Paraguai Extra, o posto do comandante Bartolom\u00e9 B\u00e1ez ser\u00e1 assumido pelo coronel Walter V\u00e1zquez. A demiss\u00e3o dos comandantes da pol\u00edcia paraguaia ocorre ap\u00f3s Lidia Meza Burgos, de 18 anos, ser esfaqueada dentro da cela de Piloto durante uma visita que realizou ao brasileiro. Piloto \u00e9 suspeito pelo assassinato.<\/p>\n<p>De acordo com a imprensa paraguaia, o assassinato seria uma &#8220;estrat\u00e9gia macabra e desesperada&#8221; do narcotraficante para barrar sua extradi\u00e7\u00e3o para o Brasil, j\u00e1 que todas os recursos judiciais foram esgotados sem sucesso. Ao longo da semana, a Justi\u00e7a paraguaia negou que Piloto se casasse com Mar\u00eda de Souza Penna, que cumpre pena na mesma penitenci\u00e1ria que o traficante. O casamento com a paraguaia poderia dificultar a extradi\u00e7\u00e3o do brasileiro. Piloto possui em sua ficha crimes de homic\u00eddio, falsifica\u00e7\u00e3o de documentos, tr\u00e1fico, associa\u00e7\u00e3o para o tr\u00e1fico, latroc\u00ednio e roubos. No Brasil, ele \u00e9 considerado o maior fornecedor de drogas, armas e muni\u00e7\u00f5es da maior fac\u00e7\u00e3o criminosa do Rio e foi condenado a 26 anos de pris\u00e3o.<\/p>\n","protected":false},"excerpt":{"rendered":"<p>O presidente do Paraguai, Mario Abdo Ben\u00edtez, trocou no domingo (18) o comandante e o subcomandante da Pol\u00edcia Nacional ap\u00f3s uma\u00a0jovem ser assassinada ontem (17) na cela do traficante brasileiro Marcelo Piloto. Segundo o jornal Paraguai Extra, o posto do comandante Bartolom\u00e9 B\u00e1ez ser\u00e1 assumido pelo coronel Walter V\u00e1zquez. A demiss\u00e3o dos comandantes da pol\u00edcia paraguaia ocorre ap\u00f3s Lidia Meza Burgos, de 18 anos, ser esfaqueada dentro da cela de Piloto durante uma visita que realizou ao brasileiro. Piloto \u00e9 suspeito pelo assassinato. De acordo com a imprensa paraguaia, o assassinato seria uma &#8220;estrat\u00e9gia macabra e desesperada&#8221; do narcotraficante para [&hellip;]<\/p>\n","protected":false},"author":1,"featured_media":36894,"comment_status":"open","ping_status":"open","sticky":false,"template":"","format":"standard","meta":{"_links_to":"","_links_to_target":""},"categories":[3,8,1],"tags":[],"views":1880,"_links":{"self":[{"href":"https:\/\/www.brazilianpress.com\/v1\/wp-json\/wp\/v2\/posts\/36893"}],"collection":[{"href":"https:\/\/www.brazilianpress.com\/v1\/wp-json\/wp\/v2\/posts"}],"about":[{"href":"https:\/\/www.brazilianpress.com\/v1\/wp-json\/wp\/v2\/types\/post"}],"author":[{"embeddable":true,"href":"https:\/\/www.brazilianpress.com\/v1\/wp-json\/wp\/v2\/users\/1"}],"replies":[{"embeddable":true,"href":"https:\/\/www.brazilianpress.com\/v1\/wp-json\/wp\/v2\/comments?post=36893"}],"version-history":[{"count":1,"href":"https:\/\/www.brazilianpress.com\/v1\/wp-json\/wp\/v2\/posts\/36893\/revisions"}],"predecessor-version":[{"id":36895,"href":"https:\/\/www.brazilianpress.com\/v1\/wp-json\/wp\/v2\/posts\/36893\/revisions\/36895"}],"wp:featuredmedia":[{"embeddable":true,"href":"https:\/\/www.brazilianpress.com\/v1\/wp-json\/wp\/v2\/media\/36894"}],"wp:attachment":[{"href":"https:\/\/www.brazilianpress.com\/v1\/wp-json\/wp\/v2\/media?parent=36893"}],"wp:term":[{"taxonomy":"category","embeddable":true,"href":"https:\/\/www.brazilianpress.com\/v1\/wp-json\/wp\/v2\/categories?post=36893"},{"taxonomy":"post_tag","embeddable":true,"href":"https:\/\/www.brazilianpress.com\/v1\/wp-json\/wp\/v2\/tags?post=36893"}],"curies":[{"name":"wp","href":"https:\/\/api.w.org\/{rel}","templated":true}]}}