{"id":36896,"date":"2018-11-22T09:29:15","date_gmt":"2018-11-22T13:29:15","guid":{"rendered":"http:\/\/www.brazilianpress.com\/v1\/?p=36896"},"modified":"2018-11-22T09:29:15","modified_gmt":"2018-11-22T13:29:15","slug":"crise-financeira-em-ny-leva-motoristas-de-taxi-a-cometerem-suicidio","status":"publish","type":"post","link":"https:\/\/www.brazilianpress.com\/v1\/2018\/11\/22\/crise-financeira-em-ny-leva-motoristas-de-taxi-a-cometerem-suicidio\/","title":{"rendered":"Crise financeira em NY leva motoristas de t\u00e1xi \u00e0 cometerem suic\u00eddio"},"content":{"rendered":"<p><strong>Outro taxista com d\u00edvidas em NY, cometeu suic\u00eddio, o oitavo em menos de um ano, conforme informa\u00e7\u00e3o da Taxi and Limousine Commission.<\/strong><\/p>\n<p>Roy Kim, 58, de Bayside, Queens, se enforcou com o pr\u00f3prio cinto em sua casa, no dia 5 de novembro, de acordo com o legista de cidade. Kim, havia acabado de comprar uma licen\u00e7a para dirigir um t\u00e1xi, mas ele acabou com mais de $500.000 em d\u00e9bitos, porque n\u00e3o estava conseguindo passageiros, disseram amigos. Em outubro, um motorista de Uber, Fausto Luna, se atirou na linha do trem. Um motorista do Yellow Cable, Abdul Saleh, 59,\u00a0enforcou-se em seu pr\u00f3prio apartamento no Brooklyn.<\/p>\n<p>Em maio, outro motorista do Yellow Cab, Yu Mein \u201cKenny\u201d Chow, se jogou no East Riverfront no Upper East Side. Em mar\u00e7o, Nicanor Ochisor, 65, tamb\u00e9m motorista do Yellow Cable, enforcou-se em sua garagem em Maspeth, Queens. Em fevereiro, um motorista negro, Douglas Schifter, 61,\u00a0se matou com um tiro no City Hall. Em dezembro do ano passado, Danilo Corporan Castillo, 57, motorista de eventos, escreveu uma nota de suic\u00eddio e se jogou da janela de seu apartamento em Manhattan. E em novembro, outro motorista de eventos se enforcou. As not\u00edcias sobre os suic\u00eddios ocorreram no mesmo dia em que o conselho da cidade, aprovou um projeto de lei que criar\u00e1 uma comiss\u00e3o para analisar porque os valores das licen\u00e7as t\u00eam subido tanto para poder fornecer ajuda aos devedores.<\/p>\n","protected":false},"excerpt":{"rendered":"<p>Outro taxista com d\u00edvidas em NY, cometeu suic\u00eddio, o oitavo em menos de um ano, conforme informa\u00e7\u00e3o da Taxi and Limousine Commission. Roy Kim, 58, de Bayside, Queens, se enforcou com o pr\u00f3prio cinto em sua casa, no dia 5 de novembro, de acordo com o legista de cidade. Kim, havia acabado de comprar uma licen\u00e7a para dirigir um t\u00e1xi, mas ele acabou com mais de $500.000 em d\u00e9bitos, porque n\u00e3o estava conseguindo passageiros, disseram amigos. Em outubro, um motorista de Uber, Fausto Luna, se atirou na linha do trem. Um motorista do Yellow Cable, Abdul Saleh, 59,\u00a0enforcou-se em seu [&hellip;]<\/p>\n","protected":false},"author":1,"featured_media":36897,"comment_status":"open","ping_status":"open","sticky":false,"template":"","format":"standard","meta":{"_links_to":"","_links_to_target":""},"categories":[3,1,10],"tags":[],"views":1760,"_links":{"self":[{"href":"https:\/\/www.brazilianpress.com\/v1\/wp-json\/wp\/v2\/posts\/36896"}],"collection":[{"href":"https:\/\/www.brazilianpress.com\/v1\/wp-json\/wp\/v2\/posts"}],"about":[{"href":"https:\/\/www.brazilianpress.com\/v1\/wp-json\/wp\/v2\/types\/post"}],"author":[{"embeddable":true,"href":"https:\/\/www.brazilianpress.com\/v1\/wp-json\/wp\/v2\/users\/1"}],"replies":[{"embeddable":true,"href":"https:\/\/www.brazilianpress.com\/v1\/wp-json\/wp\/v2\/comments?post=36896"}],"version-history":[{"count":1,"href":"https:\/\/www.brazilianpress.com\/v1\/wp-json\/wp\/v2\/posts\/36896\/revisions"}],"predecessor-version":[{"id":36898,"href":"https:\/\/www.brazilianpress.com\/v1\/wp-json\/wp\/v2\/posts\/36896\/revisions\/36898"}],"wp:featuredmedia":[{"embeddable":true,"href":"https:\/\/www.brazilianpress.com\/v1\/wp-json\/wp\/v2\/media\/36897"}],"wp:attachment":[{"href":"https:\/\/www.brazilianpress.com\/v1\/wp-json\/wp\/v2\/media?parent=36896"}],"wp:term":[{"taxonomy":"category","embeddable":true,"href":"https:\/\/www.brazilianpress.com\/v1\/wp-json\/wp\/v2\/categories?post=36896"},{"taxonomy":"post_tag","embeddable":true,"href":"https:\/\/www.brazilianpress.com\/v1\/wp-json\/wp\/v2\/tags?post=36896"}],"curies":[{"name":"wp","href":"https:\/\/api.w.org\/{rel}","templated":true}]}}