{"id":36910,"date":"2018-11-22T13:10:05","date_gmt":"2018-11-22T17:10:05","guid":{"rendered":"http:\/\/www.brazilianpress.com\/v1\/?p=36910"},"modified":"2018-11-22T13:10:05","modified_gmt":"2018-11-22T17:10:05","slug":"lancado-por-givanildo-em-2016-matheusinho-joga-no-sacrificio-e-mantem-america-mg-vivo","status":"publish","type":"post","link":"https:\/\/www.brazilianpress.com\/v1\/2018\/11\/22\/lancado-por-givanildo-em-2016-matheusinho-joga-no-sacrificio-e-mantem-america-mg-vivo\/","title":{"rendered":"Lan\u00e7ado por Givanildo em 2016, Matheusinho joga no sacrif\u00edcio e mant\u00e9m Am\u00e9rica-MG vivo"},"content":{"rendered":"<p>Ele tem apenas 1,64m de altura, mas foi um gigante em campo. Matheusinho viveu um domingo especial. Superou as dores no joelho direito e marcou o gol da vit\u00f3ria do Am\u00e9rica-MG sobre o Santos, por 2 a 1, no Independ\u00eancia. Esse gol manteve vivas as chances do Coelho na briga contra o rebaixamento, desafio que est\u00e1 a cargo agora do t\u00e9cnico Givanildo Oliveira, justamente o treinador que lan\u00e7ou Matheusinho, em 2016.<\/p>\n<p>Em entrevista ap\u00f3s o jogo, o meia de 20 anos fez revela\u00e7\u00f5es sobre o esfor\u00e7o para que pudesse estar em campo contra o Santos, confronto fundamental para o Am\u00e9rica-MG seguir com chances de escapar da queda no Campeonato Brasileiro.<\/p>\n<p>&#8211; Eu n\u00e3o estava aguentando jogar. Estava vindo para alguns jogos, outros n\u00e3o, por causa da tendinite. Essa semana foi muito puxada e n\u00e3o estava conseguindo nem treinar de tanta dor. Vim para o jogo (contra o Santos) no sacrif\u00edcio. Tomei inje\u00e7\u00e3o para jogar. Mas Deus \u00e9 t\u00e3o bom que me aben\u00e7oou com o gol e consegui ajudar a equipe.<\/p>\n<p>A tendinite no joelho direito tirou Matheusinho do jogo passado, quando Givanildo Oliveira estreou pelo Am\u00e9rica-MG, na derrota por 2 a 0. O jovem jogador n\u00e3o p\u00f4de participar da reestreia no Coelho do t\u00e9cnico que o lan\u00e7ou em 2016 e que agora tem a miss\u00e3o de livrar o time do rebaixamento na reta final do Campeonato Brasileiro.<\/p>\n<p>Por isso, uma vit\u00f3ria sobre o Santos era vital para o Am\u00e9rica-MG. E Givanildo, ap\u00f3s consultar os m\u00e9dicos, n\u00e3o pensou duas vezes em apostar em Matheusinho contra o Santos.<\/p>\n<p>Em campo, Matheusinho participou das jogadas de ataque contra o Santos. Procurou se movimentar, dar op\u00e7\u00e3o aos companheiros. No segundo tempo, aos 19 minutos, o meia recebeu a bola na entrada da \u00e1rea e arriscou o chute. A bola desviou em Gustavo Henrique e foi para as redes, fechando o placar em 2 a 1 para o Am\u00e9rica-MG. Acabou substitu\u00eddo aos 32 minutos da etapa final.<\/p>\n<p>&#8211; \u00c9 uma pena que ele ainda n\u00e3o aguenta o jogo todo. Ele entrou normal, porque perguntei ontem (s\u00e1bado), perguntei hoje (domingo), os m\u00e9dicos examinaram. Ele disse que estava legal, concentrou. &#8220;Estou bem. Vou pro jogo&#8221;. Eu disse: &#8220;Vamos fazer o seguinte, amanh\u00e3 (domingo), antes de sair do hotel, converso com voc\u00ea de novo&#8221;. Ele disse que estava legal. Eu falei: &#8220;Quando n\u00e3o aguentar, pode levantar o bra\u00e7o que te tiro&#8221;. Foi por a\u00ed.<\/p>\n","protected":false},"excerpt":{"rendered":"<p>Ele tem apenas 1,64m de altura, mas foi um gigante em campo. Matheusinho viveu um domingo especial. Superou as dores no joelho direito e marcou o gol da vit\u00f3ria do Am\u00e9rica-MG sobre o Santos, por 2 a 1, no Independ\u00eancia. Esse gol manteve vivas as chances do Coelho na briga contra o rebaixamento, desafio que est\u00e1 a cargo agora do t\u00e9cnico Givanildo Oliveira, justamente o treinador que lan\u00e7ou Matheusinho, em 2016. Em entrevista ap\u00f3s o jogo, o meia de 20 anos fez revela\u00e7\u00f5es sobre o esfor\u00e7o para que pudesse estar em campo contra o Santos, confronto fundamental para o Am\u00e9rica-MG [&hellip;]<\/p>\n","protected":false},"author":1,"featured_media":36911,"comment_status":"open","ping_status":"open","sticky":false,"template":"","format":"standard","meta":{"_links_to":"","_links_to_target":""},"categories":[9,1],"tags":[],"views":1737,"_links":{"self":[{"href":"https:\/\/www.brazilianpress.com\/v1\/wp-json\/wp\/v2\/posts\/36910"}],"collection":[{"href":"https:\/\/www.brazilianpress.com\/v1\/wp-json\/wp\/v2\/posts"}],"about":[{"href":"https:\/\/www.brazilianpress.com\/v1\/wp-json\/wp\/v2\/types\/post"}],"author":[{"embeddable":true,"href":"https:\/\/www.brazilianpress.com\/v1\/wp-json\/wp\/v2\/users\/1"}],"replies":[{"embeddable":true,"href":"https:\/\/www.brazilianpress.com\/v1\/wp-json\/wp\/v2\/comments?post=36910"}],"version-history":[{"count":1,"href":"https:\/\/www.brazilianpress.com\/v1\/wp-json\/wp\/v2\/posts\/36910\/revisions"}],"predecessor-version":[{"id":36914,"href":"https:\/\/www.brazilianpress.com\/v1\/wp-json\/wp\/v2\/posts\/36910\/revisions\/36914"}],"wp:featuredmedia":[{"embeddable":true,"href":"https:\/\/www.brazilianpress.com\/v1\/wp-json\/wp\/v2\/media\/36911"}],"wp:attachment":[{"href":"https:\/\/www.brazilianpress.com\/v1\/wp-json\/wp\/v2\/media?parent=36910"}],"wp:term":[{"taxonomy":"category","embeddable":true,"href":"https:\/\/www.brazilianpress.com\/v1\/wp-json\/wp\/v2\/categories?post=36910"},{"taxonomy":"post_tag","embeddable":true,"href":"https:\/\/www.brazilianpress.com\/v1\/wp-json\/wp\/v2\/tags?post=36910"}],"curies":[{"name":"wp","href":"https:\/\/api.w.org\/{rel}","templated":true}]}}