{"id":36915,"date":"2018-11-22T13:12:17","date_gmt":"2018-11-22T17:12:17","guid":{"rendered":"http:\/\/www.brazilianpress.com\/v1\/?p=36915"},"modified":"2018-11-22T13:12:17","modified_gmt":"2018-11-22T17:12:17","slug":"apos-noite-tensa-com-torcida-do-atletico-mg-elias-ganha-moral-e-tenta-acordo-de-paz","status":"publish","type":"post","link":"https:\/\/www.brazilianpress.com\/v1\/2018\/11\/22\/apos-noite-tensa-com-torcida-do-atletico-mg-elias-ganha-moral-e-tenta-acordo-de-paz\/","title":{"rendered":"Ap\u00f3s noite tensa com torcida do Atl\u00e9tico-MG, Elias ganha moral e tenta acordo de paz"},"content":{"rendered":"<p>O volante Elias, camisa 7 do Atl\u00e9tico-MG, viveu uma noite de emo\u00e7\u00f5es opostas no Independ\u00eancia, na vit\u00f3ria atleticana por 1 a 0 sobre o Bahia. Das vaias aos aplausos, da bronca ao reconhecimento. Ele saiu de campo muito aplaudido e como um dos destaques do jogo, mas o caminho at\u00e9 l\u00e1 foi tortuoso e com altos e baixos.<\/p>\n<p><strong>Momento #1: o recuo que irritou a galera<\/strong><\/p>\n<p>Aos 37 minutos do primeiro tempo, o placar ainda mostrava 0 a 0. O Atl\u00e9tico-MG, melhor no jogo, tentava pressionar e estava todo no ataque. Ap\u00f3s uma bola rebatida, ela ficou com Elias no meio-campo. De costas para o gol e pressionado por um advers\u00e1rio, ele recuou a bola para o goleiro Victor, que saiu jogando. Parte da torcida, impaciente e ansiosa, ficou na bronca e reclamou muito. Vale destacar que Elias n\u00e3o fazia um mau jogo at\u00e9 aquele momento. Pelo contr\u00e1rio: era um dos mais l\u00facidos do time.<\/p>\n<p>O epis\u00f3dio foi suficiente para fazer com que parte da torcida come\u00e7asse a expressar a insatisfa\u00e7\u00e3o com o camisa 7. Dali para frente, foi poss\u00edvel notar um in\u00edcio de vaias em todas as vezes que Elias pegava na bola. Quando os resmungos apareciam, tamb\u00e9m havia quem aplaudisse e gritasse o nome de Elias. O Horto estava dividido entre apoiadores e &#8220;cornetas&#8221;, e foi assim at\u00e9 o fim do primeiro tempo.<\/p>\n<p><strong>Momento #2: a paz venceu<\/strong><\/p>\n<p>Os jogadores foram para o vesti\u00e1rio e, na volta, a torcida percebeu que era hora de apoiar. Um grupo puxou os gritos de &#8220;Elias! Elias!&#8221;, que foram acompanhados pela maioria dos torcedores no est\u00e1dio. O camisa 7 ouviu e retribuiu com aplausos direcionados \u00e0 arquibancada. Ali, jogador e torcida faziam um pacto de paz. Precisavam da uni\u00e3o para buscar o resultado.<\/p>\n<p>Deu certo. No segundo tempo, o Atl\u00e9tico-MG melhorou de rendimento, marcou o gol que precisava e, apesar de ter F\u00e1bio Santos expulso, segurou a vantagem m\u00ednima at\u00e9 o fim. Todos os jogadores se dedicaram para suprir a desvantagem num\u00e9rica, e os tr\u00eas pontos foram conquistados. Elias, que teve a torcida ao lado nos 45 minutos finais, saiu de campo com moral.<\/p>\n<p><strong>Momento #3: o p\u00f3s-jogo e a entrevista<\/strong><\/p>\n<p>J\u00e1 de banho tomado e com o Horto vazio, Elias conversou com os jornalistas na zona mista do Independ\u00eancia. Comentou a rela\u00e7\u00e3o intensa que tem com a torcida do Atl\u00e9tico-MG e fez um pedido: que n\u00e3o vaiem durante as partidas.<\/p>\n<p>&#8211; Torcedor \u00e9 emo\u00e7\u00e3o. N\u00f3s temos que usar mais a raz\u00e3o. O que eu falo \u00e9 que a gente n\u00e3o gosta de ser vaiado durante o jogo, isso d\u00e1 for\u00e7a para o advers\u00e1rio. O jogo j\u00e1 \u00e9 dif\u00edcil, 11 contra 11. Se o time n\u00e3o est\u00e1 jogando bem, a torcida fica insatisfeita, vaia a equipe e d\u00e1 mais confian\u00e7a para a equipe advers\u00e1ria. E tira nossa confian\u00e7a. Vaias, quando s\u00e3o justas, s\u00e3o merecidas. A gente n\u00e3o gosta de ser vaiado, mas depois do jogo a torcida pode fazer o que quiser se tiver insatisfeita. (Contra o Bahia, a torcida) nos ajudou muito, cara. Torcedor do nosso lado ajuda muito. D\u00e1 confian\u00e7a, passa energia positiva. Por isso a bola (do Bahia) n\u00e3o entrou. \u00c9 isso que a gente pede.<\/p>\n<p>Al\u00e9m de ocupar bem os espa\u00e7os, aparecer bem na frente e mostrar qualidade, Elias apresentou, contra o Bahia, muita intensidade. Luta, entrega, aquilo que o torcedor do Atl\u00e9tico-MG, historicamente, mais gosta. Deu carrinho, roubou bola, fez as faltas que tinha que fazer. Tamb\u00e9m por isso, teve o justo reconhecimento. Ap\u00f3s a tempestade, vem a calmaria. N\u00e3o h\u00e1 d\u00favida que o &#8220;casamento&#8221; entre Elias e o torcedor atleticano, ap\u00f3s o jogo desse s\u00e1bado, deu um passo importante na dire\u00e7\u00e3o de uma rela\u00e7\u00e3o mais tranquila.<\/p>\n<p>&#8211; O mais importante \u00e9 que a gente recuperou a confian\u00e7a. Lutou, se empenhou. Fez o que a torcida do Atl\u00e9tico gosta &#8211; disse Elias.<\/p>\n<p><strong>&#8220;Term\u00f4metro&#8221;<\/strong><\/p>\n<p>Quem tamb\u00e9m falou sobre Elias, al\u00e9m dele pr\u00f3prio, foi Victor. O goleiro fez coro no pedido de tr\u00e9gua direcionado aos torcedores que pegam no p\u00e9 do camisa 7. E fez v\u00e1rios elogios ao colega.<\/p>\n<p>&#8211; A gente sabe o que ele representa. A qualidade, o potencial e o comprometimento que ele tem. \u00c0s vezes o torcedor fica um pouco impaciente por um erro ou outro, mas \u00e9 um jogador que participa muito da partida. Ele jamais se omitiu, jamais deixou de fazer o que sabe. Eventualmente vai errar, mas nunca vai errar por omiss\u00e3o. Se dedica demais, \u00e9 super competitivo, sempre quer vencer. Quando o torcedor abra\u00e7ou, realmente cresceu de produ\u00e7\u00e3o, assim como toda a equipe. A gente sabe que o Elias \u00e9 um term\u00f4metro. Quando ele est\u00e1 bem, a equipe joga bem. \u00c9 importante que o torcedor reconhe\u00e7a o comprometimento dele &#8211; pediu.<\/p>\n<p>Elias tamb\u00e9m falou sobre a rela\u00e7\u00e3o direta entre o bom desempenho coletivo e seu bom rendimento individual. Para ele, por\u00e9m, a resposta \u00e9 em dire\u00e7\u00e3o contr\u00e1ria: quando o time est\u00e1 bem, ele tamb\u00e9m est\u00e1.<\/p>\n<p>&#8211; Acho que a minha evolu\u00e7\u00e3o \u00e9 not\u00f3ria. A equipe vem jogando bem. Sempre falo: quando a equipe joga bem, n\u00e3o consigo jogar muito mal. Sempre acompanho. A equipe est\u00e1 bem, automaticamente vou crescer tamb\u00e9m &#8211; concluiu o camisa 7, um dos protagonistas da noite de s\u00e1bado no Horto.<\/p>\n<p>Como recebeu o terceiro cart\u00e3o amarelo contra o Bahia,\u00a0Elias est\u00e1 suspenso para o pr\u00f3ximo compromisso do Atl\u00e9tico-MG, quarta-feira, \u00e0s 19h30 (de Bras\u00edlia), contra o Internacional, no Beira-Rio.<\/p>\n","protected":false},"excerpt":{"rendered":"<p>O volante Elias, camisa 7 do Atl\u00e9tico-MG, viveu uma noite de emo\u00e7\u00f5es opostas no Independ\u00eancia, na vit\u00f3ria atleticana por 1 a 0 sobre o Bahia. Das vaias aos aplausos, da bronca ao reconhecimento. Ele saiu de campo muito aplaudido e como um dos destaques do jogo, mas o caminho at\u00e9 l\u00e1 foi tortuoso e com altos e baixos. Momento #1: o recuo que irritou a galera Aos 37 minutos do primeiro tempo, o placar ainda mostrava 0 a 0. O Atl\u00e9tico-MG, melhor no jogo, tentava pressionar e estava todo no ataque. Ap\u00f3s uma bola rebatida, ela ficou com Elias no [&hellip;]<\/p>\n","protected":false},"author":1,"featured_media":36912,"comment_status":"open","ping_status":"open","sticky":false,"template":"","format":"standard","meta":{"_links_to":"","_links_to_target":""},"categories":[9,1],"tags":[],"views":1270,"_links":{"self":[{"href":"https:\/\/www.brazilianpress.com\/v1\/wp-json\/wp\/v2\/posts\/36915"}],"collection":[{"href":"https:\/\/www.brazilianpress.com\/v1\/wp-json\/wp\/v2\/posts"}],"about":[{"href":"https:\/\/www.brazilianpress.com\/v1\/wp-json\/wp\/v2\/types\/post"}],"author":[{"embeddable":true,"href":"https:\/\/www.brazilianpress.com\/v1\/wp-json\/wp\/v2\/users\/1"}],"replies":[{"embeddable":true,"href":"https:\/\/www.brazilianpress.com\/v1\/wp-json\/wp\/v2\/comments?post=36915"}],"version-history":[{"count":1,"href":"https:\/\/www.brazilianpress.com\/v1\/wp-json\/wp\/v2\/posts\/36915\/revisions"}],"predecessor-version":[{"id":36916,"href":"https:\/\/www.brazilianpress.com\/v1\/wp-json\/wp\/v2\/posts\/36915\/revisions\/36916"}],"wp:featuredmedia":[{"embeddable":true,"href":"https:\/\/www.brazilianpress.com\/v1\/wp-json\/wp\/v2\/media\/36912"}],"wp:attachment":[{"href":"https:\/\/www.brazilianpress.com\/v1\/wp-json\/wp\/v2\/media?parent=36915"}],"wp:term":[{"taxonomy":"category","embeddable":true,"href":"https:\/\/www.brazilianpress.com\/v1\/wp-json\/wp\/v2\/categories?post=36915"},{"taxonomy":"post_tag","embeddable":true,"href":"https:\/\/www.brazilianpress.com\/v1\/wp-json\/wp\/v2\/tags?post=36915"}],"curies":[{"name":"wp","href":"https:\/\/api.w.org\/{rel}","templated":true}]}}