{"id":39952,"date":"2019-07-04T12:17:40","date_gmt":"2019-07-04T16:17:40","guid":{"rendered":"http:\/\/www.brazilianpress.com\/v1\/?p=39952"},"modified":"2019-07-04T12:17:40","modified_gmt":"2019-07-04T16:17:40","slug":"irma-dulce-sera-canonizada-no-dia-13-de-outubro-no-vaticano","status":"publish","type":"post","link":"https:\/\/www.brazilianpress.com\/v1\/2019\/07\/04\/irma-dulce-sera-canonizada-no-dia-13-de-outubro-no-vaticano\/","title":{"rendered":"Irm\u00e3 Dulce ser\u00e1 canonizada no dia 13 de outubro no Vaticano"},"content":{"rendered":"<p>Irm\u00e3 Dulce ser\u00e1 canonizada no dia 13 de outubro, no Vaticano, em Roma, segundo informa\u00e7\u00f5es divulgadas na manh\u00e3 de segunda-feira (1). Ap\u00f3s ter o seu segundo milagre reconhecido, Irm\u00e3 Dulce se tornar\u00e1 a primeira mulher nascida no Brasil a ser considerada santa.<\/p>\n<p>O arcebispo de Salvador, Dom Murilo Krieger, e a superintendente das Obras Sociais\u00a0Irm\u00e3 Dulce\u00a0(OSID), Maria Rita Pontes, informaram na coletiva de imprensa em Salvador que a beata passar\u00e1 a ser chamada de Santa Dulce dos Pobres. Seu dia ser\u00e1 celebrado em 13 de agosto. A data da cerim\u00f4nia de canoniza\u00e7\u00e3o que ser\u00e1 presidida pelo\u00a0Papa Francisco\u00a0foi anunciada em uma coletiva de imprensa que aconteceu simultaneamente no Vaticano e no Santu\u00e1rio Bem-Aventurada Dulce dos Pobres, no Largo de Roma, em Salvador.<\/p>\n<p>Apesar de ser o pa\u00eds com maior popula\u00e7\u00e3o cat\u00f3lica do mundo, at\u00e9 agora o Brasil possui apenas um santo, o Frei Galv\u00e3o, que foi canonizado em 2007. As OSID enviaram ao Vaticano em 2014 tr\u00eas gra\u00e7as alcan\u00e7adas por devotos para an\u00e1lise, visando a\u00a0canoniza\u00e7\u00e3o\u00a0da freira. Esta \u00e9 a terceira santifica\u00e7\u00e3o mais r\u00e1pida da hist\u00f3ria, acontecendo 27 anos ap\u00f3s seu falecimento. At\u00e9 agora, apenas a Madre Teresa de Calcut\u00e1 e o Papa Jo\u00e3o Paulo II foram santificados com mais agilidade.<\/p>\n<p>Nascida em Salvador, em 26 de maio de 1914, com o nome de batismo de Maria Rita de Souza Brito Lopes Pontes,\u00a0Irm\u00e3 Dulce\u00a0ficou conhecida por obras de caridade e assist\u00eancia aos necessitados. Apelidada de &#8220;O Anjo bom da Bahia&#8221;, ela morreu em 22 de maio de 1992 e foi beatificada em 22 de maio de 2011.<\/p>\n","protected":false},"excerpt":{"rendered":"<p>Irm\u00e3 Dulce ser\u00e1 canonizada no dia 13 de outubro, no Vaticano, em Roma, segundo informa\u00e7\u00f5es divulgadas na manh\u00e3 de segunda-feira (1). Ap\u00f3s ter o seu segundo milagre reconhecido, Irm\u00e3 Dulce se tornar\u00e1 a primeira mulher nascida no Brasil a ser considerada santa. O arcebispo de Salvador, Dom Murilo Krieger, e a superintendente das Obras Sociais\u00a0Irm\u00e3 Dulce\u00a0(OSID), Maria Rita Pontes, informaram na coletiva de imprensa em Salvador que a beata passar\u00e1 a ser chamada de Santa Dulce dos Pobres. Seu dia ser\u00e1 celebrado em 13 de agosto. A data da cerim\u00f4nia de canoniza\u00e7\u00e3o que ser\u00e1 presidida pelo\u00a0Papa Francisco\u00a0foi anunciada em uma [&hellip;]<\/p>\n","protected":false},"author":1,"featured_media":39953,"comment_status":"open","ping_status":"open","sticky":false,"template":"","format":"standard","meta":{"_links_to":"","_links_to_target":""},"categories":[7,3,1],"tags":[],"views":1509,"_links":{"self":[{"href":"https:\/\/www.brazilianpress.com\/v1\/wp-json\/wp\/v2\/posts\/39952"}],"collection":[{"href":"https:\/\/www.brazilianpress.com\/v1\/wp-json\/wp\/v2\/posts"}],"about":[{"href":"https:\/\/www.brazilianpress.com\/v1\/wp-json\/wp\/v2\/types\/post"}],"author":[{"embeddable":true,"href":"https:\/\/www.brazilianpress.com\/v1\/wp-json\/wp\/v2\/users\/1"}],"replies":[{"embeddable":true,"href":"https:\/\/www.brazilianpress.com\/v1\/wp-json\/wp\/v2\/comments?post=39952"}],"version-history":[{"count":1,"href":"https:\/\/www.brazilianpress.com\/v1\/wp-json\/wp\/v2\/posts\/39952\/revisions"}],"predecessor-version":[{"id":39954,"href":"https:\/\/www.brazilianpress.com\/v1\/wp-json\/wp\/v2\/posts\/39952\/revisions\/39954"}],"wp:featuredmedia":[{"embeddable":true,"href":"https:\/\/www.brazilianpress.com\/v1\/wp-json\/wp\/v2\/media\/39953"}],"wp:attachment":[{"href":"https:\/\/www.brazilianpress.com\/v1\/wp-json\/wp\/v2\/media?parent=39952"}],"wp:term":[{"taxonomy":"category","embeddable":true,"href":"https:\/\/www.brazilianpress.com\/v1\/wp-json\/wp\/v2\/categories?post=39952"},{"taxonomy":"post_tag","embeddable":true,"href":"https:\/\/www.brazilianpress.com\/v1\/wp-json\/wp\/v2\/tags?post=39952"}],"curies":[{"name":"wp","href":"https:\/\/api.w.org\/{rel}","templated":true}]}}