{"id":39992,"date":"2019-07-04T16:08:05","date_gmt":"2019-07-04T20:08:05","guid":{"rendered":"http:\/\/www.brazilianpress.com\/v1\/?p=39992"},"modified":"2019-07-04T19:12:02","modified_gmt":"2019-07-04T23:12:02","slug":"mini-sketchbook-da-artista-tati-vitsic","status":"publish","type":"post","link":"https:\/\/www.brazilianpress.com\/v1\/2019\/07\/04\/mini-sketchbook-da-artista-tati-vitsic\/","title":{"rendered":"Mini Sketchbook da artista Tati Vitsic"},"content":{"rendered":"<p>A premiada artista e designer carioca Tati Vitsic, residente em Nova York, estar\u00e1 participando da exposi\u00e7\u00e3o coletiva \u201cThe Tiny Sketchbook Project\u201d, em turn\u00ea por Paris, Londres e Nova York. A primeira parada ser\u00e1 na Slow Galerie, em Paris, dias 28 e 29 de junho. Em seguida, na \u201cThe Other Art Fair\u201d, em Londres, de 4 a 7 de julho. Finalmente, em Nova York, onde far\u00e1 parte do acervo da Brooklyn Art Library, haver\u00e1 uma abertura ao p\u00fablico no dia 19 de julho, de 7 \u00e0s 9pm. A biblioteca fica localizada no Brooklyn, 28 Frost Street.<\/p>\n\n\t\t<style type=\"text\/css\">\n\t\t\t#gallery-1 {\n\t\t\t\tmargin: auto;\n\t\t\t}\n\t\t\t#gallery-1 .gallery-item {\n\t\t\t\tfloat: left;\n\t\t\t\tmargin-top: 10px;\n\t\t\t\ttext-align: center;\n\t\t\t\twidth: 33%;\n\t\t\t}\n\t\t\t#gallery-1 img {\n\t\t\t\tborder: 2px solid #cfcfcf;\n\t\t\t}\n\t\t\t#gallery-1 .gallery-caption {\n\t\t\t\tmargin-left: 0;\n\t\t\t}\n\t\t\t\/* see gallery_shortcode() in wp-includes\/media.php *\/\n\t\t<\/style>\n\t\t<div id='gallery-1' class='gallery galleryid-39992 gallery-columns-3 gallery-size-thumbnail'><dl class='gallery-item'>\n\t\t\t<dt class='gallery-icon portrait'>\n\t\t\t\t<a href=\"https:\/\/www.brazilianpress.com\/v1\/wp-content\/uploads\/2019\/07\/Mini-Sketchbook-da-artista-Tati-Vitsic-5.jpg\" class=\"gallery_colorbox\"><img width=\"150\" height=\"150\" src=\"https:\/\/www.brazilianpress.com\/v1\/wp-content\/uploads\/2019\/07\/Mini-Sketchbook-da-artista-Tati-Vitsic-5-150x150.jpg\"  class=\"attachment-thumbnail size-thumbnail\" alt=\"\" loading=\"lazy\" \/><\/a>\n\t\t\t<\/dt><\/dl><dl class='gallery-item'>\n\t\t\t<dt class='gallery-icon portrait'>\n\t\t\t\t<a href=\"https:\/\/www.brazilianpress.com\/v1\/wp-content\/uploads\/2019\/07\/Mini-Sketchbook-da-artista-Tati-Vitsic-2.jpg\" class=\"gallery_colorbox\"><img width=\"150\" height=\"150\" src=\"https:\/\/www.brazilianpress.com\/v1\/wp-content\/uploads\/2019\/07\/Mini-Sketchbook-da-artista-Tati-Vitsic-2-150x150.jpg\"  class=\"attachment-thumbnail size-thumbnail\" alt=\"\" loading=\"lazy\" \/><\/a>\n\t\t\t<\/dt><\/dl><dl class='gallery-item'>\n\t\t\t<dt class='gallery-icon landscape'>\n\t\t\t\t<a href=\"https:\/\/www.brazilianpress.com\/v1\/wp-content\/uploads\/2019\/07\/Mini-Sketchbook-da-artista-Tati-Vitsic-3.jpg\" class=\"gallery_colorbox\"><img width=\"150\" height=\"150\" src=\"https:\/\/www.brazilianpress.com\/v1\/wp-content\/uploads\/2019\/07\/Mini-Sketchbook-da-artista-Tati-Vitsic-3-150x150.jpg\"  class=\"attachment-thumbnail size-thumbnail\" alt=\"\" loading=\"lazy\" srcset=\"https:\/\/www.brazilianpress.com\/v1\/wp-content\/uploads\/2019\/07\/Mini-Sketchbook-da-artista-Tati-Vitsic-3-150x150.jpg 150w, https:\/\/www.brazilianpress.com\/v1\/wp-content\/uploads\/2019\/07\/Mini-Sketchbook-da-artista-Tati-Vitsic-3-300x300.jpg 300w, https:\/\/www.brazilianpress.com\/v1\/wp-content\/uploads\/2019\/07\/Mini-Sketchbook-da-artista-Tati-Vitsic-3.jpg 500w\" sizes=\"(max-width: 150px) 100vw, 150px\" \/><\/a>\n\t\t\t<\/dt><\/dl><br style=\"clear: both\" \/><dl class='gallery-item'>\n\t\t\t<dt class='gallery-icon portrait'>\n\t\t\t\t<a href=\"https:\/\/www.brazilianpress.com\/v1\/wp-content\/uploads\/2019\/07\/Mini-Sketchbook-da-artista-Tati-Vitsic-6.jpg\" class=\"gallery_colorbox\"><img width=\"150\" height=\"150\" src=\"https:\/\/www.brazilianpress.com\/v1\/wp-content\/uploads\/2019\/07\/Mini-Sketchbook-da-artista-Tati-Vitsic-6-150x150.jpg\"  class=\"attachment-thumbnail size-thumbnail\" alt=\"\" loading=\"lazy\" \/><\/a>\n\t\t\t<\/dt><\/dl><dl class='gallery-item'>\n\t\t\t<dt class='gallery-icon portrait'>\n\t\t\t\t<a href=\"https:\/\/www.brazilianpress.com\/v1\/wp-content\/uploads\/2019\/07\/Mini-Sketchbook-da-artista-Tati-Vitsic-7.jpg\" class=\"gallery_colorbox\"><img width=\"150\" height=\"150\" src=\"https:\/\/www.brazilianpress.com\/v1\/wp-content\/uploads\/2019\/07\/Mini-Sketchbook-da-artista-Tati-Vitsic-7-150x150.jpg\"  class=\"attachment-thumbnail size-thumbnail\" alt=\"\" loading=\"lazy\" \/><\/a>\n\t\t\t<\/dt><\/dl><dl class='gallery-item'>\n\t\t\t<dt class='gallery-icon landscape'>\n\t\t\t\t<a href=\"https:\/\/www.brazilianpress.com\/v1\/wp-content\/uploads\/2019\/07\/Mini-Sketchbook-da-artista-Tati-Vitsic-1.jpg\" class=\"gallery_colorbox\"><img width=\"150\" height=\"150\" src=\"https:\/\/www.brazilianpress.com\/v1\/wp-content\/uploads\/2019\/07\/Mini-Sketchbook-da-artista-Tati-Vitsic-1-150x150.jpg\"  class=\"attachment-thumbnail size-thumbnail\" alt=\"\" loading=\"lazy\" srcset=\"https:\/\/www.brazilianpress.com\/v1\/wp-content\/uploads\/2019\/07\/Mini-Sketchbook-da-artista-Tati-Vitsic-1-150x150.jpg 150w, https:\/\/www.brazilianpress.com\/v1\/wp-content\/uploads\/2019\/07\/Mini-Sketchbook-da-artista-Tati-Vitsic-1-300x300.jpg 300w, https:\/\/www.brazilianpress.com\/v1\/wp-content\/uploads\/2019\/07\/Mini-Sketchbook-da-artista-Tati-Vitsic-1.jpg 500w\" sizes=\"(max-width: 150px) 100vw, 150px\" \/><\/a>\n\t\t\t<\/dt><\/dl><br style=\"clear: both\" \/>\n\t\t<\/div>\n\n<p>O mini sketchbook de Tati Vitsic conta, atrav\u00e9s de pequenas, detalhadas e fof\u00edssimas ilustra\u00e7\u00f5es, um pouco da hist\u00f3ria da ratinha Ratati, que nasceu no Rio de Janeiro e mora em Nova York. Qualquer semelhan\u00e7a com a vida real n\u00e3o ter\u00e1 sido mera coincid\u00eancia! O sketchbook \u00e9 um pequeno di\u00e1rio visual sobre a vida da artista. Tati trabalha atualmente como designer de estampas na \u00e1rea de moda e, possui a marca Pommy New York (pommynewyork.com). Esse m\u00eas, esteve no festival de arte FIGMENT NYC, na Roosevelt Island, com um projeto de arte participat\u00f3ria, sem fins lucrativos, chamado \u201cDIY Figment Postcard\u201d. Al\u00e9m disso, recebeu o pr\u00eamio Not\u00e1veis USA, que premia brasileiros em destaque nos Estados Unidos, e est\u00e1 em cartaz com dois quadros na Summer Exhibition do LIC Arts Open, at\u00e9 dia 26 de julho, na Gallery do The Factory (30-30 47th Avenue, Long Island City, NYC).<\/p>\n<p><em><strong>Para conhecer mais sobre seu trabalho, acesse seu portf\u00f3lio online: www.tati.com.br Instagram: tativitsic Contato: tativitsic@gmail.com<\/strong><\/em><\/p>\n","protected":false},"excerpt":{"rendered":"<p>A premiada artista e designer carioca Tati Vitsic, residente em Nova York, estar\u00e1 participando da exposi\u00e7\u00e3o coletiva \u201cThe Tiny Sketchbook Project\u201d, em turn\u00ea por Paris, Londres e Nova York. A primeira parada ser\u00e1 na Slow Galerie, em Paris, dias 28 e 29 de junho. Em seguida, na \u201cThe Other Art Fair\u201d, em Londres, de 4 a 7 de julho. Finalmente, em Nova York, onde far\u00e1 parte do acervo da Brooklyn Art Library, haver\u00e1 uma abertura ao p\u00fablico no dia 19 de julho, de 7 \u00e0s 9pm. A biblioteca fica localizada no Brooklyn, 28 Frost Street. O mini sketchbook de Tati [&hellip;]<\/p>\n","protected":false},"author":1,"featured_media":39999,"comment_status":"open","ping_status":"open","sticky":false,"template":"","format":"standard","meta":{"_links_to":"","_links_to_target":""},"categories":[4,19,1],"tags":[],"views":3245,"_links":{"self":[{"href":"https:\/\/www.brazilianpress.com\/v1\/wp-json\/wp\/v2\/posts\/39992"}],"collection":[{"href":"https:\/\/www.brazilianpress.com\/v1\/wp-json\/wp\/v2\/posts"}],"about":[{"href":"https:\/\/www.brazilianpress.com\/v1\/wp-json\/wp\/v2\/types\/post"}],"author":[{"embeddable":true,"href":"https:\/\/www.brazilianpress.com\/v1\/wp-json\/wp\/v2\/users\/1"}],"replies":[{"embeddable":true,"href":"https:\/\/www.brazilianpress.com\/v1\/wp-json\/wp\/v2\/comments?post=39992"}],"version-history":[{"count":1,"href":"https:\/\/www.brazilianpress.com\/v1\/wp-json\/wp\/v2\/posts\/39992\/revisions"}],"predecessor-version":[{"id":40000,"href":"https:\/\/www.brazilianpress.com\/v1\/wp-json\/wp\/v2\/posts\/39992\/revisions\/40000"}],"wp:featuredmedia":[{"embeddable":true,"href":"https:\/\/www.brazilianpress.com\/v1\/wp-json\/wp\/v2\/media\/39999"}],"wp:attachment":[{"href":"https:\/\/www.brazilianpress.com\/v1\/wp-json\/wp\/v2\/media?parent=39992"}],"wp:term":[{"taxonomy":"category","embeddable":true,"href":"https:\/\/www.brazilianpress.com\/v1\/wp-json\/wp\/v2\/categories?post=39992"},{"taxonomy":"post_tag","embeddable":true,"href":"https:\/\/www.brazilianpress.com\/v1\/wp-json\/wp\/v2\/tags?post=39992"}],"curies":[{"name":"wp","href":"https:\/\/api.w.org\/{rel}","templated":true}]}}