{"id":40256,"date":"2019-07-25T14:26:06","date_gmt":"2019-07-25T18:26:06","guid":{"rendered":"http:\/\/www.brazilianpress.com\/v1\/?p=40256"},"modified":"2019-07-25T14:26:06","modified_gmt":"2019-07-25T18:26:06","slug":"agenda-cultural-25719-by-roger-costa","status":"publish","type":"post","link":"https:\/\/www.brazilianpress.com\/v1\/2019\/07\/25\/agenda-cultural-25719-by-roger-costa\/","title":{"rendered":"Agenda Cultural 25\/7\/19, by Roger Costa"},"content":{"rendered":"<p><img loading=\"lazy\" class=\"alignnone size-full wp-image-40259\" src=\"http:\/\/www.brazilianpress.com\/v1\/wp-content\/uploads\/2019\/07\/Saxofonista-Mark-Gross-se-apresenta-no-Lincoln-Center.jpg\" alt=\"\" width=\"750\" height=\"394\" srcset=\"https:\/\/www.brazilianpress.com\/v1\/wp-content\/uploads\/2019\/07\/Saxofonista-Mark-Gross-se-apresenta-no-Lincoln-Center.jpg 750w, https:\/\/www.brazilianpress.com\/v1\/wp-content\/uploads\/2019\/07\/Saxofonista-Mark-Gross-se-apresenta-no-Lincoln-Center-300x158.jpg 300w\" sizes=\"(max-width: 750px) 100vw, 750px\" \/><br \/>\n*Saxofonista Mark Gross se apresenta no Lincoln Center&gt; Considerado um dos maiores saxofonistas no mundo contempor\u00e2neo, Mark Gross j\u00e1 colaborou com v\u00e1rios grupos como Jimmy Heath Big Band, John Pizzarelli Big Band, Mingus Big Band e Duke Ellington Orchestra. Para seu show no Dizzy&#8217;s Club, parte do Jazz at Lincoln Center (60th Street &amp; Broadway), o astro ser\u00e1 acompanhado de seu Quinteto e Springs. Com repert\u00f3rio sofisticado e ecl\u00e9tico que passeia por v\u00e1rios ritmos e estilos, Gross apresentar\u00e1 novos arranjos e composi\u00e7\u00f5es pr\u00f3prias. Segunda, dia 29, em dois sets \u00e0s 7h30pm e \u00e0s 9h30pm. Ingresso $35. <em>INFO:\u00a0 <\/em><em><a href=\"https:\/\/www.jazz.org\/dizzys\/events\/9476\/mark-gross-quintet-and-strings\/\">https:\/\/www.jazz.org\/dizzys\/events\/9476\/mark-gross-quintet-and-strings\/<\/a><\/em><\/p>\n<p><img loading=\"lazy\" class=\"alignnone size-full wp-image-40257\" src=\"http:\/\/www.brazilianpress.com\/v1\/wp-content\/uploads\/2019\/07\/Document\u00e1rio-sobre-Tom-Jobim-sera-exibido-em-New-York.jpg\" alt=\"\" width=\"800\" height=\"257\" srcset=\"https:\/\/www.brazilianpress.com\/v1\/wp-content\/uploads\/2019\/07\/Document\u00e1rio-sobre-Tom-Jobim-sera-exibido-em-New-York.jpg 800w, https:\/\/www.brazilianpress.com\/v1\/wp-content\/uploads\/2019\/07\/Document\u00e1rio-sobre-Tom-Jobim-sera-exibido-em-New-York-300x96.jpg 300w, https:\/\/www.brazilianpress.com\/v1\/wp-content\/uploads\/2019\/07\/Document\u00e1rio-sobre-Tom-Jobim-sera-exibido-em-New-York-768x247.jpg 768w\" sizes=\"(max-width: 800px) 100vw, 800px\" \/><br \/>\n*Document\u00e1rio sobre Tom Jobim ser\u00e1 exibido em New York&gt; Como parte da grandiosa mostra &#8220;The Living Art of Roberto Burle Marx&#8221; em exibi\u00e7\u00e3o no New York Botanical Garden (2900 Southern Boulevard Bronx), ser\u00e1 exibido o document\u00e1rio &#8220;A Casa do Tom&#8221; no pr\u00f3ximo s\u00e1bado, dia 3 de agosto. Compilado e dirigido pela esposa do artista, Ana Jobim, a obra examina a paix\u00e3o e dedica\u00e7\u00e3o de Tom pela Mata Atl\u00e2ntica e sua influ\u00eancia sobre suas composi\u00e7\u00f5es. Com imagens registradas no Rio, New York e na fazenda da fam\u00edlia em Po\u00e7o Fundo, o filme apresenta o nascimento de can\u00e7\u00f5es populares, bem como encontros e momentos \u00edntimos em fam\u00edlia. <em>INFO: <\/em><em><a href=\"https:\/\/www.nybg.org\/event\/the-living-art-of-roberto-burle-marx-2\/the-living-art-of-roberto-burle-marx-programs-2\/film-series\/\">https:\/\/www.nybg.org\/event\/the-living-art-of-roberto-burle-marx-2\/the-living-art-of-roberto-burle-marx-programs-2\/film-series\/<\/a><\/em><\/p>\n<p><img loading=\"lazy\" class=\"alignnone size-full wp-image-40258\" src=\"http:\/\/www.brazilianpress.com\/v1\/wp-content\/uploads\/2019\/07\/Projeto-Musical-Chance-ganha-estreia-no-New-York.jpg\" alt=\"\" width=\"750\" height=\"413\" srcset=\"https:\/\/www.brazilianpress.com\/v1\/wp-content\/uploads\/2019\/07\/Projeto-Musical-Chance-ganha-estreia-no-New-York.jpg 750w, https:\/\/www.brazilianpress.com\/v1\/wp-content\/uploads\/2019\/07\/Projeto-Musical-Chance-ganha-estreia-no-New-York-300x165.jpg 300w\" sizes=\"(max-width: 750px) 100vw, 750px\" \/><br \/>\n*Projeto Musical &#8220;Chance&#8221; ganha estreia no New York Musical Festival&gt; Com composi\u00e7\u00f5es de Richard Isen, &#8220;Chance-A Musical Play About Love, Risk, &amp; Getting It Right&#8221; narra a experi\u00eancia existencialista de um homem de meia idade lidando com perdas durante a crise da AIDS, e a misteriosa visita de uma figura m\u00edstica. O espet\u00e1culo ganhar\u00e1 sua estreia durante o New York Musical Festival 2019, e traz no elenco o veterano da Broadway Tad Wilson (Rock of Ages, Priscilla Queen of the Desert) no papel principal, Grant Richards como Chance e Terry LaVell no papel de The Lady. A dire\u00e7\u00e3o fica por conta de Nicolas Minas. De 31 de julho a 4 de agosto. No The Alice Griffin Jewel Box Theatre, 480 West 42nd Street. Ingressos $32-$42. <em>INFO: <\/em><em><a href=\"http:\/\/www.nymf.org\/festival\/2019-events\/chance\">http:\/\/www.nymf.org\/festival\/2019-events\/chance<\/a><\/em><em>. <\/em><\/p>\n<p><img loading=\"lazy\" class=\"alignnone size-full wp-image-40260\" src=\"http:\/\/www.brazilianpress.com\/v1\/wp-content\/uploads\/2019\/07\/Sensa\u00e7\u00e3o-na-TV-drag-comediante-Katya-faz-show-no-Times-Square.jpg\" alt=\"\" width=\"750\" height=\"423\" srcset=\"https:\/\/www.brazilianpress.com\/v1\/wp-content\/uploads\/2019\/07\/Sensa\u00e7\u00e3o-na-TV-drag-comediante-Katya-faz-show-no-Times-Square.jpg 750w, https:\/\/www.brazilianpress.com\/v1\/wp-content\/uploads\/2019\/07\/Sensa\u00e7\u00e3o-na-TV-drag-comediante-Katya-faz-show-no-Times-Square-300x169.jpg 300w\" sizes=\"(max-width: 750px) 100vw, 750px\" \/><br \/>\n*Sensa\u00e7\u00e3o na TV, drag comediante Katya faz show no Times Square&gt; Finalista de sucesso na competi\u00e7\u00e3o da TV RuPaul\u2019s Drag Race e All-Stars S2, a entertainer e drag Katya Zamolodchikova se tornou uma das comediantes de stand-up mais requisitadas do pa\u00eds. O hilariante e debochado show &#8220;Help Me, I&#8217;m Dying!&#8221;, mistura com\u00e9dia, dan\u00e7a, multim\u00eddia e v\u00eddeo, enquanto ela apresenta uma multid\u00e3o de personagens exc\u00eantricos refletindo na sociedade moderna. Sexta e s\u00e1bado \u00e0s 8h00 da noite. Ingressos a partir de $25. <em>INFO: <\/em><em><a href=\"http:\/\/thetownhall.org\/event\/katya-help-me-im-dying\">http:\/\/thetownhall.org\/event\/katya-help-me-im-dying<\/a><\/em><em>.<\/em><\/p>\n","protected":false},"excerpt":{"rendered":"<p>*Saxofonista Mark Gross se apresenta no Lincoln Center&gt; Considerado um dos maiores saxofonistas no mundo contempor\u00e2neo, Mark Gross j\u00e1 colaborou com v\u00e1rios grupos como Jimmy Heath Big Band, John Pizzarelli Big Band, Mingus Big Band e Duke Ellington Orchestra. Para seu show no Dizzy&#8217;s Club, parte do Jazz at Lincoln Center (60th Street &amp; Broadway), o astro ser\u00e1 acompanhado de seu Quinteto e Springs. Com repert\u00f3rio sofisticado e ecl\u00e9tico que passeia por v\u00e1rios ritmos e estilos, Gross apresentar\u00e1 novos arranjos e composi\u00e7\u00f5es pr\u00f3prias. Segunda, dia 29, em dois sets \u00e0s 7h30pm e \u00e0s 9h30pm. Ingresso $35. INFO:\u00a0 https:\/\/www.jazz.org\/dizzys\/events\/9476\/mark-gross-quintet-and-strings\/ *Document\u00e1rio sobre [&hellip;]<\/p>\n","protected":false},"author":1,"featured_media":40259,"comment_status":"open","ping_status":"open","sticky":false,"template":"","format":"standard","meta":{"_links_to":"","_links_to_target":""},"categories":[20,1],"tags":[],"views":2094,"_links":{"self":[{"href":"https:\/\/www.brazilianpress.com\/v1\/wp-json\/wp\/v2\/posts\/40256"}],"collection":[{"href":"https:\/\/www.brazilianpress.com\/v1\/wp-json\/wp\/v2\/posts"}],"about":[{"href":"https:\/\/www.brazilianpress.com\/v1\/wp-json\/wp\/v2\/types\/post"}],"author":[{"embeddable":true,"href":"https:\/\/www.brazilianpress.com\/v1\/wp-json\/wp\/v2\/users\/1"}],"replies":[{"embeddable":true,"href":"https:\/\/www.brazilianpress.com\/v1\/wp-json\/wp\/v2\/comments?post=40256"}],"version-history":[{"count":1,"href":"https:\/\/www.brazilianpress.com\/v1\/wp-json\/wp\/v2\/posts\/40256\/revisions"}],"predecessor-version":[{"id":40261,"href":"https:\/\/www.brazilianpress.com\/v1\/wp-json\/wp\/v2\/posts\/40256\/revisions\/40261"}],"wp:featuredmedia":[{"embeddable":true,"href":"https:\/\/www.brazilianpress.com\/v1\/wp-json\/wp\/v2\/media\/40259"}],"wp:attachment":[{"href":"https:\/\/www.brazilianpress.com\/v1\/wp-json\/wp\/v2\/media?parent=40256"}],"wp:term":[{"taxonomy":"category","embeddable":true,"href":"https:\/\/www.brazilianpress.com\/v1\/wp-json\/wp\/v2\/categories?post=40256"},{"taxonomy":"post_tag","embeddable":true,"href":"https:\/\/www.brazilianpress.com\/v1\/wp-json\/wp\/v2\/tags?post=40256"}],"curies":[{"name":"wp","href":"https:\/\/api.w.org\/{rel}","templated":true}]}}