{"id":40262,"date":"2019-07-25T14:38:20","date_gmt":"2019-07-25T18:38:20","guid":{"rendered":"http:\/\/www.brazilianpress.com\/v1\/?p=40262"},"modified":"2019-07-25T14:38:20","modified_gmt":"2019-07-25T18:38:20","slug":"garota-brasileira-com-autismo-fez-exposicao-de-obras-de-arte-no-japao","status":"publish","type":"post","link":"https:\/\/www.brazilianpress.com\/v1\/2019\/07\/25\/garota-brasileira-com-autismo-fez-exposicao-de-obras-de-arte-no-japao\/","title":{"rendered":"Garota brasileira com autismo fez exposi\u00e7\u00e3o de obras de arte no Jap\u00e3o"},"content":{"rendered":"<p>De ter\u00e7a-feira (16) at\u00e9 o domingo (21), o maior sal\u00e3o de exposi\u00e7\u00f5es do edif\u00edcio CREATE exibiu dezenas de obras de arte feitas por Amanda de Godoy, uma menina brasileira de 11 anos, que possui um quadro grave de autismo.<\/p>\n<p>Amanda j\u00e1 encantou a comunidade brasileira, chamou a aten\u00e7\u00e3o da m\u00eddia e do mundo da arte em setembro do ano passado, quando realizou sua primeira exposi\u00e7\u00e3o em Hamamatsu. Aos 10 anos de idade na ocasi\u00e3o, exibiu cerca de 80 obras de arte abstratas e profissionais.<\/p>\n<p>A artista pinta quadros desde os 7 anos de idade e mostra ter um grande talento para as artes, mesmo sem conhecer artistas profissionais. Suas obras, que frequentemente exibem formas e fluxos que parecem sair de dentro da tela, emocionam pela delicadeza e complexidade de seu universo interior.<\/p>\n<p>\u201cA Amanda estabelece uma comunica\u00e7\u00e3o muito singular com esse universo. Ela fala com a nossa alma e provoca emo\u00e7\u00f5es profundas. \u00c9 uma oportunidade para se deixar tocar pela arte dela\u201d, comentou o artista Jin Takahashi, que produz M\u00e1scaras de Veneza e descobriu o talento da menina em uma escola especial na cidade.<\/p>\n<p>Entre maio e junho deste ano, as obras foram expostas na Embaixada do Brasil em T\u00f3quio e provocaram emo\u00e7\u00e3o nos grupos que puderam conferir um pouco mais da arte da Amanda.<\/p>\n<p>\u201cAbra o seu cora\u00e7\u00e3o e em sil\u00eancio, desfrute desse presente que dividimos com todos voc\u00eas que assim como n\u00f3s, acreditam que o mundo pode ser muito melhor quando existe arte, respeito m\u00fatuo e um desejo incomensur\u00e1vel de ajudar e apoiar o pr\u00f3ximo desprovido de qualquer estigma que se possa ter\u201d, destacou Jin, na p\u00e1gina oficial \u201cAmanda\u2019s Universe\u201d no Facebook.<\/p>\n","protected":false},"excerpt":{"rendered":"<p>De ter\u00e7a-feira (16) at\u00e9 o domingo (21), o maior sal\u00e3o de exposi\u00e7\u00f5es do edif\u00edcio CREATE exibiu dezenas de obras de arte feitas por Amanda de Godoy, uma menina brasileira de 11 anos, que possui um quadro grave de autismo. Amanda j\u00e1 encantou a comunidade brasileira, chamou a aten\u00e7\u00e3o da m\u00eddia e do mundo da arte em setembro do ano passado, quando realizou sua primeira exposi\u00e7\u00e3o em Hamamatsu. Aos 10 anos de idade na ocasi\u00e3o, exibiu cerca de 80 obras de arte abstratas e profissionais. A artista pinta quadros desde os 7 anos de idade e mostra ter um grande talento [&hellip;]<\/p>\n","protected":false},"author":1,"featured_media":40263,"comment_status":"open","ping_status":"open","sticky":false,"template":"","format":"standard","meta":{"_links_to":"","_links_to_target":""},"categories":[3,8,1],"tags":[],"views":3646,"_links":{"self":[{"href":"https:\/\/www.brazilianpress.com\/v1\/wp-json\/wp\/v2\/posts\/40262"}],"collection":[{"href":"https:\/\/www.brazilianpress.com\/v1\/wp-json\/wp\/v2\/posts"}],"about":[{"href":"https:\/\/www.brazilianpress.com\/v1\/wp-json\/wp\/v2\/types\/post"}],"author":[{"embeddable":true,"href":"https:\/\/www.brazilianpress.com\/v1\/wp-json\/wp\/v2\/users\/1"}],"replies":[{"embeddable":true,"href":"https:\/\/www.brazilianpress.com\/v1\/wp-json\/wp\/v2\/comments?post=40262"}],"version-history":[{"count":1,"href":"https:\/\/www.brazilianpress.com\/v1\/wp-json\/wp\/v2\/posts\/40262\/revisions"}],"predecessor-version":[{"id":40264,"href":"https:\/\/www.brazilianpress.com\/v1\/wp-json\/wp\/v2\/posts\/40262\/revisions\/40264"}],"wp:featuredmedia":[{"embeddable":true,"href":"https:\/\/www.brazilianpress.com\/v1\/wp-json\/wp\/v2\/media\/40263"}],"wp:attachment":[{"href":"https:\/\/www.brazilianpress.com\/v1\/wp-json\/wp\/v2\/media?parent=40262"}],"wp:term":[{"taxonomy":"category","embeddable":true,"href":"https:\/\/www.brazilianpress.com\/v1\/wp-json\/wp\/v2\/categories?post=40262"},{"taxonomy":"post_tag","embeddable":true,"href":"https:\/\/www.brazilianpress.com\/v1\/wp-json\/wp\/v2\/tags?post=40262"}],"curies":[{"name":"wp","href":"https:\/\/api.w.org\/{rel}","templated":true}]}}