{"id":40268,"date":"2019-07-25T14:43:19","date_gmt":"2019-07-25T18:43:19","guid":{"rendered":"http:\/\/www.brazilianpress.com\/v1\/?p=40268"},"modified":"2019-07-25T14:43:19","modified_gmt":"2019-07-25T18:43:19","slug":"california-se-torna-o-primeiro-estado-a-banir-a-discriminacao-baseada-em-cabelos-africanos","status":"publish","type":"post","link":"https:\/\/www.brazilianpress.com\/v1\/2019\/07\/25\/california-se-torna-o-primeiro-estado-a-banir-a-discriminacao-baseada-em-cabelos-africanos\/","title":{"rendered":"Calif\u00f3rnia se torna o primeiro estado a banir a discrimina\u00e7\u00e3o baseada em cabelos africanos"},"content":{"rendered":"<p><strong>Legisladores da Calif\u00f3rnia est\u00e3o liderando uma luta para tornar ilegal uma pr\u00e1tica pol\u00eamica em empresas e escolas discriminam os penteados afro.<\/strong><\/p>\n<p>O governador da Calif\u00f3rnia assinou um projeto de lei que protege estudantes e funcion\u00e1rios negros com estilos como dreadlocks ou cornrows. Para as mulheres negras, o cabelo \u00e9 mais que um estilo. O cabelo \u00e9 vers\u00e1til e representa hist\u00f3ria, pol\u00edtica e ra\u00e7a. Durante d\u00e9cadas, as mulheres negras usaram relaxantes qu\u00edmicos para endireitar os cabelos para se adequarem ao padr\u00e3o europeu de beleza.Toni Vaughn \u00e9 dona da galeria The Hair Gallery em Mission. &#8220;A hist\u00f3ria dos relaxantes vem da sociedade nos dizendo que precisamos ter nosso cabelo com um certo tipo de apar\u00eancia e isso \u00e9 uma pena&#8221;, disse Vaughn.<\/p>\n<p>Segundo a empresa de pesquisa de marketing Mitel, os gastos com relaxantes ca\u00edram cerca de 30% entre 2011 e 2016. Mais mulheres negras est\u00e3o abandonando os relaxantes e adotando seu padr\u00e3o natural de cachos \u00e0 medida que crescem. Usando seu cabelo em seu estado natural \u00e9 um compromisso. \u00c9 por isso que as prote\u00e7\u00f5es s\u00e3o t\u00e3o importantes. O Crown Act da Calif\u00f3rnia \u00e9 importante porque cria um local de trabalho respeitoso e aberto para cabelos naturais e torna ilegal para empresas e escolas discriminarem os penteados negros.<\/p>\n<p>&#8220;Eu n\u00e3o acho que deveria ser uma lei, mas \u00e9 uma coisa boa que foi aprovado, ent\u00e3o os empregadores n\u00e3o podem discriminar as pessoas apenas por ter cabelos naturais&#8221;, disse Gleese-Briggs. A discrimina\u00e7\u00e3o do cabelo acontece com mais frequ\u00eancia do que voc\u00ea imagina. Calif\u00f3rnia e New York est\u00e3o liderando o caminho para mudar isso. New Jersey tamb\u00e9m est\u00e1 trabalhando em sua vers\u00e3o do Crown Act. A Dove, marca de cuidados pessoais pesquisou 2.000 mulheres no pa\u00eds, sendo 1.000 negras e 1.000 brancas, todas empregadas em per\u00edodo integral em um escrit\u00f3rio ou em um ambiente corporativo recente. A marca concluiu que as mulheres negras s\u00e3o 30% instru\u00eddas sobre uma pol\u00edtica formal de apar\u00eancia no local de trabalho. Uma mulher negra tamb\u00e9m \u00e9 80% mais propensa a mudar seu cabelo natural para atender \u00e0s normas sociais ou expectativas no trabalho.<\/p>\n","protected":false},"excerpt":{"rendered":"<p>Legisladores da Calif\u00f3rnia est\u00e3o liderando uma luta para tornar ilegal uma pr\u00e1tica pol\u00eamica em empresas e escolas discriminam os penteados afro. O governador da Calif\u00f3rnia assinou um projeto de lei que protege estudantes e funcion\u00e1rios negros com estilos como dreadlocks ou cornrows. Para as mulheres negras, o cabelo \u00e9 mais que um estilo. O cabelo \u00e9 vers\u00e1til e representa hist\u00f3ria, pol\u00edtica e ra\u00e7a. Durante d\u00e9cadas, as mulheres negras usaram relaxantes qu\u00edmicos para endireitar os cabelos para se adequarem ao padr\u00e3o europeu de beleza.Toni Vaughn \u00e9 dona da galeria The Hair Gallery em Mission. &#8220;A hist\u00f3ria dos relaxantes vem da sociedade [&hellip;]<\/p>\n","protected":false},"author":1,"featured_media":40269,"comment_status":"open","ping_status":"open","sticky":false,"template":"","format":"standard","meta":{"_links_to":"","_links_to_target":""},"categories":[3,1,10],"tags":[],"views":1525,"_links":{"self":[{"href":"https:\/\/www.brazilianpress.com\/v1\/wp-json\/wp\/v2\/posts\/40268"}],"collection":[{"href":"https:\/\/www.brazilianpress.com\/v1\/wp-json\/wp\/v2\/posts"}],"about":[{"href":"https:\/\/www.brazilianpress.com\/v1\/wp-json\/wp\/v2\/types\/post"}],"author":[{"embeddable":true,"href":"https:\/\/www.brazilianpress.com\/v1\/wp-json\/wp\/v2\/users\/1"}],"replies":[{"embeddable":true,"href":"https:\/\/www.brazilianpress.com\/v1\/wp-json\/wp\/v2\/comments?post=40268"}],"version-history":[{"count":1,"href":"https:\/\/www.brazilianpress.com\/v1\/wp-json\/wp\/v2\/posts\/40268\/revisions"}],"predecessor-version":[{"id":40270,"href":"https:\/\/www.brazilianpress.com\/v1\/wp-json\/wp\/v2\/posts\/40268\/revisions\/40270"}],"wp:featuredmedia":[{"embeddable":true,"href":"https:\/\/www.brazilianpress.com\/v1\/wp-json\/wp\/v2\/media\/40269"}],"wp:attachment":[{"href":"https:\/\/www.brazilianpress.com\/v1\/wp-json\/wp\/v2\/media?parent=40268"}],"wp:term":[{"taxonomy":"category","embeddable":true,"href":"https:\/\/www.brazilianpress.com\/v1\/wp-json\/wp\/v2\/categories?post=40268"},{"taxonomy":"post_tag","embeddable":true,"href":"https:\/\/www.brazilianpress.com\/v1\/wp-json\/wp\/v2\/tags?post=40268"}],"curies":[{"name":"wp","href":"https:\/\/api.w.org\/{rel}","templated":true}]}}