{"id":40306,"date":"2019-07-26T14:44:22","date_gmt":"2019-07-26T18:44:22","guid":{"rendered":"http:\/\/www.brazilianpress.com\/v1\/?p=40306"},"modified":"2019-07-26T14:44:22","modified_gmt":"2019-07-26T18:44:22","slug":"oficial-brasil-submete-ao-governo-dos-eua-o-nome-de-eduardo-bolsonaro-como-proximo-embaixador","status":"publish","type":"post","link":"https:\/\/www.brazilianpress.com\/v1\/2019\/07\/26\/oficial-brasil-submete-ao-governo-dos-eua-o-nome-de-eduardo-bolsonaro-como-proximo-embaixador\/","title":{"rendered":"Oficial: Brasil submete ao Governo dos EUA o nome de Eduardo Bolsonaro como pr\u00f3ximo embaixador"},"content":{"rendered":"<p><strong>&#8216;Agr\u00e9ment&#8217;, consulta ao pa\u00eds onde fica a embaixada, foi enviada aos EUA, de acordo com o ministro das Rela\u00e7\u00f5es Exteriores.<\/strong><\/p>\n<p>O Brasil submeteu aos Estados Unidos a sugest\u00e3o do nome de Eduardo Bolsonaro para ocupar a embaixada em Washington, afirmou nesta sexta-feira (26) o ministro das Rela\u00e7\u00f5es Exteriores, Ernesto Ara\u00fajo.<\/p>\n<p>&#8220;Foi pedido o &#8216;agr\u00e9ment&#8217; e esperamos a resposta americana, de acordo com a praxe diplom\u00e1tica. Mas tenho a grande certeza de que ser\u00e1 concedido pelo governo americano, e Eduardo Bolsonaro ser\u00e1 um \u00f3timo embaixador&#8221;, disse Ara\u00fajo, em entrevista coletiva que acontece durante encontro de ministros de Rela\u00e7\u00f5es Exteriores que formam os Brics (Brasil, R\u00fassia, \u00cdndia, China e \u00c1frica do Sul) no Rio de Janeiro. &#8220;Agr\u00e9ment&#8221; \u00e9 uma consulta que se faz ao pa\u00eds onde o embaixador ser\u00e1 nomeado. Depois dessa etapa, a indica\u00e7\u00e3o de Eduardo Bolsonaro ser\u00e1 submetida ao Senado, onde ele ser\u00e1 sabatinado.<\/p>\n<p><img src=\"https:\/\/s2.glbimg.com\/KJSHw3fx_0XmADQr_I7mtMuApeI=\/0x0:775x411\/984x0\/smart\/filters:strip_icc()\/i.s3.glbimg.com\/v1\/AUTH_59edd422c0c84a879bd37670ae4f538a\/internal_photos\/bs\/2019\/G\/D\/rdUxTDRB2ANal59nWmWQ\/ernesto-araujo.jpg\" alt=\"Ernesto Ara\u00c3\u00bajo durante entrevista coletiva ap\u00c3\u00b3s encontro de ministros de Rela\u00c3\u00a7\u00c3\u00b5es Exteriores dos Brics \u00e2\u0080\u0094 Foto: Cristina Boeckel\" \/><\/p>\n<p><strong>Presidente refor\u00e7ou<\/strong><\/p>\n<p>Mais cedo, o presidente Jair Bolsonaro j\u00e1 havia falado sobre a consulta. &#8220;Acho que foi mandado ontem [quinta-feira, 25] o &#8216;agr\u00e9ment&#8217;. Acho que foi ontem se eu n\u00e3o me engano. N\u00e3o tenho certeza. Eu acertei com o Ernesto, se n\u00e3o foi ontem foi hoje. A gente n\u00e3o est\u00e1 com pressa&#8221;, afirmou Bolsonaro. Bolsonaro j\u00e1 disse em outras oportunidades que n\u00e3o acredita que o governo norte-americano recusar\u00e1 receber Eduardo. Para ser efetivado como embaixador, o deputado ter\u00e1 de renunciar ao mandato e ser aprovado pelo Senado Federal.<\/p>\n","protected":false},"excerpt":{"rendered":"<p>&#8216;Agr\u00e9ment&#8217;, consulta ao pa\u00eds onde fica a embaixada, foi enviada aos EUA, de acordo com o ministro das Rela\u00e7\u00f5es Exteriores. O Brasil submeteu aos Estados Unidos a sugest\u00e3o do nome de Eduardo Bolsonaro para ocupar a embaixada em Washington, afirmou nesta sexta-feira (26) o ministro das Rela\u00e7\u00f5es Exteriores, Ernesto Ara\u00fajo. &#8220;Foi pedido o &#8216;agr\u00e9ment&#8217; e esperamos a resposta americana, de acordo com a praxe diplom\u00e1tica. Mas tenho a grande certeza de que ser\u00e1 concedido pelo governo americano, e Eduardo Bolsonaro ser\u00e1 um \u00f3timo embaixador&#8221;, disse Ara\u00fajo, em entrevista coletiva que acontece durante encontro de ministros de Rela\u00e7\u00f5es Exteriores que formam [&hellip;]<\/p>\n","protected":false},"author":1,"featured_media":40307,"comment_status":"open","ping_status":"open","sticky":false,"template":"","format":"standard","meta":{"_links_to":"","_links_to_target":""},"categories":[4,3,1],"tags":[],"views":1323,"_links":{"self":[{"href":"https:\/\/www.brazilianpress.com\/v1\/wp-json\/wp\/v2\/posts\/40306"}],"collection":[{"href":"https:\/\/www.brazilianpress.com\/v1\/wp-json\/wp\/v2\/posts"}],"about":[{"href":"https:\/\/www.brazilianpress.com\/v1\/wp-json\/wp\/v2\/types\/post"}],"author":[{"embeddable":true,"href":"https:\/\/www.brazilianpress.com\/v1\/wp-json\/wp\/v2\/users\/1"}],"replies":[{"embeddable":true,"href":"https:\/\/www.brazilianpress.com\/v1\/wp-json\/wp\/v2\/comments?post=40306"}],"version-history":[{"count":1,"href":"https:\/\/www.brazilianpress.com\/v1\/wp-json\/wp\/v2\/posts\/40306\/revisions"}],"predecessor-version":[{"id":40308,"href":"https:\/\/www.brazilianpress.com\/v1\/wp-json\/wp\/v2\/posts\/40306\/revisions\/40308"}],"wp:featuredmedia":[{"embeddable":true,"href":"https:\/\/www.brazilianpress.com\/v1\/wp-json\/wp\/v2\/media\/40307"}],"wp:attachment":[{"href":"https:\/\/www.brazilianpress.com\/v1\/wp-json\/wp\/v2\/media?parent=40306"}],"wp:term":[{"taxonomy":"category","embeddable":true,"href":"https:\/\/www.brazilianpress.com\/v1\/wp-json\/wp\/v2\/categories?post=40306"},{"taxonomy":"post_tag","embeddable":true,"href":"https:\/\/www.brazilianpress.com\/v1\/wp-json\/wp\/v2\/tags?post=40306"}],"curies":[{"name":"wp","href":"https:\/\/api.w.org\/{rel}","templated":true}]}}