{"id":40309,"date":"2019-07-27T09:41:37","date_gmt":"2019-07-27T13:41:37","guid":{"rendered":"http:\/\/www.brazilianpress.com\/v1\/?p=40309"},"modified":"2019-07-27T09:41:37","modified_gmt":"2019-07-27T13:41:37","slug":"fim-do-pesadelo-americano-e-solto-apos-prisao-desastrosa-da-policia-de-imigracao-dos-eua","status":"publish","type":"post","link":"https:\/\/www.brazilianpress.com\/v1\/2019\/07\/27\/fim-do-pesadelo-americano-e-solto-apos-prisao-desastrosa-da-policia-de-imigracao-dos-eua\/","title":{"rendered":"Fim do pesadelo: Americano \u00e9 solto ap\u00f3s pris\u00e3o desastrosa da pol\u00edcia de imigra\u00e7\u00e3o dos EUA"},"content":{"rendered":"<p><strong>O jovem de 18 anos apresentou seus documentos para agentes de imigra\u00e7\u00e3o, mas ainda assim ficou 23 dias presos no Texas em condi\u00e7\u00f5es que considera &#8216;desumanas&#8217;.<\/strong><\/p>\n<p>Um cidad\u00e3o americano foi libertado de um centro de deten\u00e7\u00e3o para imigrantes nos Estados Unidos ap\u00f3s tr\u00eas semanas em condi\u00e7\u00f5es que considerou &#8220;desumanas&#8221;. O americano Francisco Erwin Galicia, de 18 anos, foi preso em 27 de junho a caminho de um jogo de futebol com seu irm\u00e3o, Marlon, de 17 anos, onde esperava ser observado por um olheiro para tentar uma bolsa de estudos para uma universidade. &#8220;Vamos nos formar no ensino m\u00e9dio no ano que vem e quer\u00edamos fazer algo para garantir nossa educa\u00e7\u00e3o&#8221;, disse ele a um jornal local ap\u00f3s ser libertado. Eles passaram ent\u00e3o por um posto do Servi\u00e7o de Imigra\u00e7\u00e3o e Controle Alfandeg\u00e1rio dos Estados Unidos (ICE, na sigla em ingl\u00eas).<\/p>\n<p><img src=\"https:\/\/s.abcnews.com\/images\/US\/francisco-erwin-galicia-ap-01-jpo-190725_hpEmbed_22x15_1600.jpg\" alt=\"Resultado de imagem para Francisco Erwin Galicia\" \/><\/p>\n<p>Seu irm\u00e3o n\u00e3o \u00e9 cidad\u00e3o americano e foi preso. Francisco diz ter informado os agentes do ICE que \u00e9 cidad\u00e3o americano e apresentado sua carteira de identidade, o cart\u00e3o do seguro social e sua certid\u00e3o de nascimento, segundo o jornal &#8220;The Dallas Morning News&#8221;. Mas os oficiais n\u00e3o acreditaram na autenticidade dos documentos apresentados por Francisco e o levaram junto com o irm\u00e3o, contrariando normas que determinam que agentes de imigra\u00e7\u00e3o n\u00e3o devem prender cidad\u00e3os americanos. O jovem ficou 23 dias detido no sul do Texas e foi libertado na \u00faltima ter\u00e7a, 23 de julho, um dia depois do &#8220;The Dallas Morning News&#8221; publicar a not\u00edcia de que ele havia sido preso.<\/p>\n<p><img src=\"https:\/\/mediadc.brightspotcdn.com\/dims4\/default\/02e45f9\/2147483647\/strip\/true\/crop\/2290x1322+0+0\/resize\/2290x1322!\/quality\/90\/?url=https%3A%2F%2Fmediadc.brightspotcdn.com%2F4f%2F10%2F0e680d3f414e9311b0ddc9a546c9%2Ffrancisco-erwin-galicia.jpg\" alt=\"Resultado de imagem para Francisco Erwin Galicia\" \/><\/p>\n<p>Em uma declara\u00e7\u00e3o conjunta na quarta-feira, a Patrulha de Fronteira (CBP, na sigla em ingl\u00eas) e o ICE defenderam sua decis\u00e3o de deter Francisco Gal\u00edcia. &#8220;Geralmente, situa\u00e7\u00f5es que envolvem relatos conflituosos do indiv\u00edduo e m\u00faltiplas certid\u00f5es de nascimento podem, e devem, demorar mais para serem verificadas&#8221;, disse a nota. &#8220;Enquanto continuamos a checar a situa\u00e7\u00e3o, o indiv\u00edduo foi liberado da cust\u00f3dia do ICE. Tanto o CBP quanto o ICE est\u00e3o comprometidos com um tratamento justo dos imigrantes e continuam a tomar as medidas apropriadas para verificar os fatos da situa\u00e7\u00e3o.&#8221;<\/p>\n<p><img src=\"https:\/\/media.wfaa.com\/assets\/WFAA\/images\/ce6dee9a-b5a7-491e-b6f7-49561b5eadd9\/ce6dee9a-b5a7-491e-b6f7-49561b5eadd9_1140x641.jpg\" alt=\"Resultado de imagem para Francisco Erwin Galicia\" \/><\/p>\n<p><strong>&#8216;Fui tratado de forma desumana&#8217;<\/strong><\/p>\n<p>Francisco diz ter enfrentado condi\u00e7\u00f5es t\u00e3o dif\u00edceis que chegou a perder 12 kg e ter considerado pedir para ser deportado. &#8220;Disse a eles que tinha o direito de fazer uma liga\u00e7\u00e3o. Mas disseram: &#8216;Voc\u00eas n\u00e3o t\u00eam direito a nada'&#8221;, contou Francisco. Dois dias depois da pris\u00e3o, o irm\u00e3o de Francisco foi deportado voluntariamente para Reynosa, uma cidade de fronteira no M\u00e9xico, para poder ligar para sua m\u00e3e e contar onde os dois estavam. Francisco diz que, no tempo em que ficou preso no centro de deten\u00e7\u00e3o da cidade de Rio Grande Valley, foi colocado em uma cela com outros 60 homens e n\u00e3o foi permitido que tomasse banho. Os detentos recebiam apenas cobertores de papel alum\u00ednio e eram obrigados a dormir no ch\u00e3o. Alguns homens tinham de dormir no ch\u00e3o pr\u00f3ximo \u00e0s privadas. &#8220;A forma como nos trataram foi desumana. Chegou ao ponto em que eu estava quase assinando um documento de deporta\u00e7\u00e3o s\u00f3 para n\u00e3o ter de ficar l\u00e1 sofrendo&#8221;, disse Francisco. &#8220;S\u00f3 precisava sair dali.&#8221;<\/p>\n<p><img src=\"https:\/\/cbsaustin.com\/resources\/media\/765d11c5-a7b8-44a7-ad7e-7a263745e7f0-large16x9_AP19204820682414.jpg?1564085338101\" alt=\"Resultado de imagem para Francisco Erwin Galicia\" \/><\/p>\n<p><strong>Outros americanos j\u00e1 foram presos?<\/strong><\/p>\n<p>Uma reportagem do jornal &#8220;The Los Angeles Times&#8221; de 2018 mostrou que mais de 1,4 mil pessoas foram liberadas pelo ICE depois de ter sua cidadania investigada. Em um dos casos, um cidad\u00e3o americano descendente de jamaicanos ficou preso em um centro de deten\u00e7\u00e3o para imigrantes por mais de tr\u00eas anos at\u00e9 ser libertado, a milhares de quil\u00f4metros de casa. Em mar\u00e7o passado, uma americana de 9 anos ficou presa por mais de 30 horas depois de entrar na Calif\u00f3rnia vinda do M\u00e9xico ap\u00f3s passar por um posto de fronteira com seu irm\u00e3o de 14 anos. Os dois s\u00e3o cidad\u00e3os americanos e estavam indo \u00e0 escola. &#8220;Fiquei com medo&#8221;, disse a menina \u00e0 rede de televis\u00e3o NBC. &#8220;Fiquei triste, porque n\u00e3o estava com minha m\u00e3e ou meu irm\u00e3o. Eu estava completamente sozinha.&#8221; Na semana passada, uma deputada da Calif\u00f3rnia visitou um centro da Patrulha de Fronteira e encontrou uma adolescente de 13 anos segurando um passaporte americano e esperando junto com a m\u00e3e ap\u00f3s supostamente ter entrado no pa\u00eds ilegalmente.<\/p>\n<p><img src=\"https:\/\/s2.glbimg.com\/5sgqYl6rKztxfOQVJfeiCxCWz8s=\/0x0:2735x1785\/1008x0\/smart\/filters:strip_icc()\/i.s3.glbimg.com\/v1\/AUTH_59edd422c0c84a879bd37670ae4f538a\/internal_photos\/bs\/2019\/U\/c\/ZQzCHMTj2p2VEoFRsUgA\/2019-06-18t003345z-845554011-rc164c0c04e0-rtrmadp-3-usa-election-trump.jpg\" alt=\"Medidas adotadas por Trump dificultam a entrada de trabalhadores qualificados e de seus familiares \u00e2\u0080\u0094 Foto: Kevin Lamarque\/Reuters\" \/><\/p>\n<p><strong>Qual \u00e9 a situa\u00e7\u00e3o jur\u00eddica na fronteira?<\/strong><\/p>\n<p>A pris\u00e3o de Francisco Galicia ocorreu em meio ao endurecimento da pol\u00edtica americana em rela\u00e7\u00e3o a imigrantes ilegais. Na quarta, um juiz em S\u00e3o Francisco, na Calif\u00f3rnia, ordenou que o governo Trump pare de negar asilo para qualquer pessoa que passe por outro pa\u00eds em seu caminho para os Estados Unidos. A medida do governo na pr\u00e1tica acabava com a possibilidade de asilo para imigrantes da Am\u00e9rica Central, que passam pelo M\u00e9xico a caminho do pa\u00eds. A decis\u00e3o veio horas depois de um juiz em Washington decidir que a pol\u00edtica, instaurada havia nove dias, era legal. A ordem do juiz da Calif\u00f3rnia significa que a medida ficar\u00e1 suspensa at\u00e9 que inst\u00e2ncias superiores decidam sobre sua legalidade.<\/p>\n<p><img src=\"https:\/\/img.huffingtonpost.com\/asset\/5d38bb692600005000045605.jpeg?cache=a3n56ybaaf&amp;ops=crop_0_75_2074_1950,scalefit_720_noupscale\" alt=\"Resultado de imagem para Francisco Erwin Galicia\" \/><\/p>\n<p>A porta-voz da Casa Branca, Stephanie Grisham, criticou a decis\u00e3o e disse que o governo Trump vai &#8220;atr\u00e1s de todas as op\u00e7\u00f5es poss\u00edveis para lidar com essa decis\u00e3o sem m\u00e9rito e defender as fronteiras da na\u00e7\u00e3o&#8221;. No momento, dezenas de milhares de imigrantes aguardam no M\u00e9xico por causa de uma medida do Departamento de Seguran\u00e7a Nacional americano apelidada de &#8220;Fique no M\u00e9xico&#8221;, na qual eles s\u00e3o orientados a esperar no pa\u00eds vizinho enquanto esperam um tribunal de imigra\u00e7\u00e3o americano decidir sobre seus casos. De acordo com o Instituto Nacional de Imigra\u00e7\u00e3o do M\u00e9xico, mais de 18 mil pessoas foram mandados de volta pelos Estados Unidos com a nova medida.<\/p>\n","protected":false},"excerpt":{"rendered":"<p>O jovem de 18 anos apresentou seus documentos para agentes de imigra\u00e7\u00e3o, mas ainda assim ficou 23 dias presos no Texas em condi\u00e7\u00f5es que considera &#8216;desumanas&#8217;. Um cidad\u00e3o americano foi libertado de um centro de deten\u00e7\u00e3o para imigrantes nos Estados Unidos ap\u00f3s tr\u00eas semanas em condi\u00e7\u00f5es que considerou &#8220;desumanas&#8221;. O americano Francisco Erwin Galicia, de 18 anos, foi preso em 27 de junho a caminho de um jogo de futebol com seu irm\u00e3o, Marlon, de 17 anos, onde esperava ser observado por um olheiro para tentar uma bolsa de estudos para uma universidade. &#8220;Vamos nos formar no ensino m\u00e9dio no [&hellip;]<\/p>\n","protected":false},"author":1,"featured_media":40310,"comment_status":"open","ping_status":"open","sticky":false,"template":"","format":"standard","meta":{"_links_to":"","_links_to_target":""},"categories":[4,3,1],"tags":[],"views":2411,"_links":{"self":[{"href":"https:\/\/www.brazilianpress.com\/v1\/wp-json\/wp\/v2\/posts\/40309"}],"collection":[{"href":"https:\/\/www.brazilianpress.com\/v1\/wp-json\/wp\/v2\/posts"}],"about":[{"href":"https:\/\/www.brazilianpress.com\/v1\/wp-json\/wp\/v2\/types\/post"}],"author":[{"embeddable":true,"href":"https:\/\/www.brazilianpress.com\/v1\/wp-json\/wp\/v2\/users\/1"}],"replies":[{"embeddable":true,"href":"https:\/\/www.brazilianpress.com\/v1\/wp-json\/wp\/v2\/comments?post=40309"}],"version-history":[{"count":1,"href":"https:\/\/www.brazilianpress.com\/v1\/wp-json\/wp\/v2\/posts\/40309\/revisions"}],"predecessor-version":[{"id":40311,"href":"https:\/\/www.brazilianpress.com\/v1\/wp-json\/wp\/v2\/posts\/40309\/revisions\/40311"}],"wp:featuredmedia":[{"embeddable":true,"href":"https:\/\/www.brazilianpress.com\/v1\/wp-json\/wp\/v2\/media\/40310"}],"wp:attachment":[{"href":"https:\/\/www.brazilianpress.com\/v1\/wp-json\/wp\/v2\/media?parent=40309"}],"wp:term":[{"taxonomy":"category","embeddable":true,"href":"https:\/\/www.brazilianpress.com\/v1\/wp-json\/wp\/v2\/categories?post=40309"},{"taxonomy":"post_tag","embeddable":true,"href":"https:\/\/www.brazilianpress.com\/v1\/wp-json\/wp\/v2\/tags?post=40309"}],"curies":[{"name":"wp","href":"https:\/\/api.w.org\/{rel}","templated":true}]}}