{"id":40319,"date":"2019-07-31T13:12:25","date_gmt":"2019-07-31T17:12:25","guid":{"rendered":"http:\/\/www.brazilianpress.com\/v1\/?p=40319"},"modified":"2019-07-31T13:12:25","modified_gmt":"2019-07-31T17:12:25","slug":"pf-faz-operacao-contra-entrada-ilegal-nos-eua-e-prende-dois-coiotes-em-minas-gerais","status":"publish","type":"post","link":"https:\/\/www.brazilianpress.com\/v1\/2019\/07\/31\/pf-faz-operacao-contra-entrada-ilegal-nos-eua-e-prende-dois-coiotes-em-minas-gerais\/","title":{"rendered":"PF faz opera\u00e7\u00e3o contra entrada ilegal nos EUA e prende dois &#8220;coiotes&#8221; em Minas Gerais"},"content":{"rendered":"<p><strong>Segundo a pol\u00edcia, adultos ingressavam ilegalmente no pa\u00eds passando pelo M\u00e9xico e ainda levavam crian\u00e7as ou adolescentes para evitar deporta\u00e7\u00e3o imediata.<\/strong><\/p>\n<p>Pelo menos duas pessoas foram presas em uma opera\u00e7\u00e3o da Pol\u00edcia Federal (PF) contra emigra\u00e7\u00e3o ilegal de brasileiros para os Estados Unidos passando pelo M\u00e9xico. A a\u00e7\u00e3o denominada \u201cCai Cai\u201d foi realizada em munic\u00edpios do Vale do Rio Doce, em Minas. Cada adulto ingressava ilegalmente nos Estados Unidos acompanhado de uma crian\u00e7a ou adolescente para evitar a deporta\u00e7\u00e3o imediata.<\/p>\n<p><img src=\"https:\/\/www.dm.com.br\/wp-content\/uploads\/2018\/01\/policia-federal-2017.jpg\" alt=\"Resultado de imagem para policia federal minas gerais\" \/><\/p>\n<p>Segundo a pol\u00edcia, foram cumpridos dois mandados judiciais de pris\u00e3o preventiva e quatro de busca e apreens\u00e3o, expedidos pela Justi\u00e7a Federal em Governador Valadares. As ordens foram cumpridas em Tarumirim e Sardo\u00e1 nesta quarta-feira. Foram apreendidos documentos, celulares, ve\u00edculos e moeda nacional e estrangeira. \u201cAs investiga\u00e7\u00f5es tiveram in\u00edcio neste m\u00eas, com base em informa\u00e7\u00f5es recebidas da adid\u00e2ncia da Pol\u00edcia Federal que atua no M\u00e9xico. Os investigados responder\u00e3o, na medida de cada culpabilidade, pelos crimes de promo\u00e7\u00e3o de migra\u00e7\u00e3o ilegal e associa\u00e7\u00e3o criminosa; podendo cumprir at\u00e9 nove anos e meio de pris\u00e3o, caso sejam condenados\u201d, informou a Pol\u00edcia Federal.<\/p>\n","protected":false},"excerpt":{"rendered":"<p>Segundo a pol\u00edcia, adultos ingressavam ilegalmente no pa\u00eds passando pelo M\u00e9xico e ainda levavam crian\u00e7as ou adolescentes para evitar deporta\u00e7\u00e3o imediata. Pelo menos duas pessoas foram presas em uma opera\u00e7\u00e3o da Pol\u00edcia Federal (PF) contra emigra\u00e7\u00e3o ilegal de brasileiros para os Estados Unidos passando pelo M\u00e9xico. A a\u00e7\u00e3o denominada \u201cCai Cai\u201d foi realizada em munic\u00edpios do Vale do Rio Doce, em Minas. Cada adulto ingressava ilegalmente nos Estados Unidos acompanhado de uma crian\u00e7a ou adolescente para evitar a deporta\u00e7\u00e3o imediata. Segundo a pol\u00edcia, foram cumpridos dois mandados judiciais de pris\u00e3o preventiva e quatro de busca e apreens\u00e3o, expedidos pela Justi\u00e7a [&hellip;]<\/p>\n","protected":false},"author":1,"featured_media":40320,"comment_status":"open","ping_status":"open","sticky":false,"template":"","format":"standard","meta":{"_links_to":"","_links_to_target":""},"categories":[4,3,1],"tags":[],"views":2456,"_links":{"self":[{"href":"https:\/\/www.brazilianpress.com\/v1\/wp-json\/wp\/v2\/posts\/40319"}],"collection":[{"href":"https:\/\/www.brazilianpress.com\/v1\/wp-json\/wp\/v2\/posts"}],"about":[{"href":"https:\/\/www.brazilianpress.com\/v1\/wp-json\/wp\/v2\/types\/post"}],"author":[{"embeddable":true,"href":"https:\/\/www.brazilianpress.com\/v1\/wp-json\/wp\/v2\/users\/1"}],"replies":[{"embeddable":true,"href":"https:\/\/www.brazilianpress.com\/v1\/wp-json\/wp\/v2\/comments?post=40319"}],"version-history":[{"count":1,"href":"https:\/\/www.brazilianpress.com\/v1\/wp-json\/wp\/v2\/posts\/40319\/revisions"}],"predecessor-version":[{"id":40321,"href":"https:\/\/www.brazilianpress.com\/v1\/wp-json\/wp\/v2\/posts\/40319\/revisions\/40321"}],"wp:featuredmedia":[{"embeddable":true,"href":"https:\/\/www.brazilianpress.com\/v1\/wp-json\/wp\/v2\/media\/40320"}],"wp:attachment":[{"href":"https:\/\/www.brazilianpress.com\/v1\/wp-json\/wp\/v2\/media?parent=40319"}],"wp:term":[{"taxonomy":"category","embeddable":true,"href":"https:\/\/www.brazilianpress.com\/v1\/wp-json\/wp\/v2\/categories?post=40319"},{"taxonomy":"post_tag","embeddable":true,"href":"https:\/\/www.brazilianpress.com\/v1\/wp-json\/wp\/v2\/tags?post=40319"}],"curies":[{"name":"wp","href":"https:\/\/api.w.org\/{rel}","templated":true}]}}