{"id":40332,"date":"2019-08-01T07:15:02","date_gmt":"2019-08-01T11:15:02","guid":{"rendered":"http:\/\/www.brazilianpress.com\/v1\/?p=40332"},"modified":"2019-08-01T07:15:02","modified_gmt":"2019-08-01T11:15:02","slug":"social-press-01082019","status":"publish","type":"post","link":"https:\/\/www.brazilianpress.com\/v1\/2019\/08\/01\/social-press-01082019\/","title":{"rendered":"Social Press . 01\/08\/2019"},"content":{"rendered":"<p><em><strong><img loading=\"lazy\" class=\"alignnone size-full wp-image-40324\" src=\"http:\/\/www.brazilianpress.com\/v1\/wp-content\/uploads\/2019\/08\/social-press-ed1951-20190801-1.jpg\" alt=\"\" width=\"620\" height=\"354\" srcset=\"https:\/\/www.brazilianpress.com\/v1\/wp-content\/uploads\/2019\/08\/social-press-ed1951-20190801-1.jpg 620w, https:\/\/www.brazilianpress.com\/v1\/wp-content\/uploads\/2019\/08\/social-press-ed1951-20190801-1-300x171.jpg 300w\" sizes=\"(max-width: 620px) 100vw, 620px\" \/><br \/>\nMichael Renson Elal Airline, Francine ( Francine\u2019s Travel, Chad Martin (Ministro da Cultura de Israel) Mishel Udi Elal Airline em almo\u00e7o de confraterniza\u00e7\u00e3o e tra\u00e7ando planos para excurss\u00f5es para Israel 2019 e 2020<\/strong><\/em><\/p>\n<p><em><strong><img loading=\"lazy\" class=\"alignnone size-full wp-image-40325\" src=\"http:\/\/www.brazilianpress.com\/v1\/wp-content\/uploads\/2019\/08\/social-press-ed-1951-20190801-2.jpg\" alt=\"\" width=\"620\" height=\"350\" srcset=\"https:\/\/www.brazilianpress.com\/v1\/wp-content\/uploads\/2019\/08\/social-press-ed-1951-20190801-2.jpg 620w, https:\/\/www.brazilianpress.com\/v1\/wp-content\/uploads\/2019\/08\/social-press-ed-1951-20190801-2-300x169.jpg 300w\" sizes=\"(max-width: 620px) 100vw, 620px\" \/><br \/>\nSauda\u00e7\u00f5es ao escritor e mestre Jonas Correia no comando do Traditional Karate Newark, formando novos talentos na arte da defesa e prepara\u00e7\u00e3o f\u00edsica. Sucesso!<\/strong><\/em><\/p>\n<p><em><strong><img loading=\"lazy\" class=\"alignnone size-full wp-image-40326\" src=\"http:\/\/www.brazilianpress.com\/v1\/wp-content\/uploads\/2019\/08\/social-press-ed-1951-20190801-3.jpg\" alt=\"\" width=\"550\" height=\"667\" srcset=\"https:\/\/www.brazilianpress.com\/v1\/wp-content\/uploads\/2019\/08\/social-press-ed-1951-20190801-3.jpg 550w, https:\/\/www.brazilianpress.com\/v1\/wp-content\/uploads\/2019\/08\/social-press-ed-1951-20190801-3-247x300.jpg 247w\" sizes=\"(max-width: 550px) 100vw, 550px\" \/><br \/>\nCristine Silvino e uma pequena demonstra\u00e7\u00e3o do que esta para vir de melhor no Delicias Gourmet, Aguardem!<\/strong><\/em><\/p>\n<p><em><strong><img loading=\"lazy\" class=\"alignnone size-full wp-image-40327\" src=\"http:\/\/www.brazilianpress.com\/v1\/wp-content\/uploads\/2019\/08\/social-press-ed-1951-20190801-4.jpg\" alt=\"\" width=\"620\" height=\"412\" srcset=\"https:\/\/www.brazilianpress.com\/v1\/wp-content\/uploads\/2019\/08\/social-press-ed-1951-20190801-4.jpg 620w, https:\/\/www.brazilianpress.com\/v1\/wp-content\/uploads\/2019\/08\/social-press-ed-1951-20190801-4-300x199.jpg 300w\" sizes=\"(max-width: 620px) 100vw, 620px\" \/><br \/>\nNosso aniversariante especial da semana \u00e9 o querido Doctor Roshin, professor universit\u00e1rio, metereologista e colaborador do BP. Congratulations &amp; Many Blessings!!!<\/strong><\/em><\/p>\n<p><em><strong><img loading=\"lazy\" class=\"alignnone size-full wp-image-40328\" src=\"http:\/\/www.brazilianpress.com\/v1\/wp-content\/uploads\/2019\/08\/social-press-ed-1951-20190801-5.jpg\" alt=\"\" width=\"620\" height=\"500\" srcset=\"https:\/\/www.brazilianpress.com\/v1\/wp-content\/uploads\/2019\/08\/social-press-ed-1951-20190801-5.jpg 620w, https:\/\/www.brazilianpress.com\/v1\/wp-content\/uploads\/2019\/08\/social-press-ed-1951-20190801-5-300x242.jpg 300w\" sizes=\"(max-width: 620px) 100vw, 620px\" \/><br \/>\nHappy Birthday ao camarada Jo\u00e3o Carlos Braga de Arruda que celebrou mais um Ver\u00e3o na \u00faltima semana recebendo o carinho de familiares e amigos em New Jersey.<\/strong><\/em><\/p>\n<p><em><strong><img loading=\"lazy\" class=\"alignnone size-full wp-image-40329\" src=\"http:\/\/www.brazilianpress.com\/v1\/wp-content\/uploads\/2019\/08\/social-press-ed-1951-20190801-6.jpg\" alt=\"\" width=\"620\" height=\"510\" srcset=\"https:\/\/www.brazilianpress.com\/v1\/wp-content\/uploads\/2019\/08\/social-press-ed-1951-20190801-6.jpg 620w, https:\/\/www.brazilianpress.com\/v1\/wp-content\/uploads\/2019\/08\/social-press-ed-1951-20190801-6-300x247.jpg 300w\" sizes=\"(max-width: 620px) 100vw, 620px\" \/><br \/>\nQuem tamb\u00e9m celebra anivers\u00e1rio nesta semana \u00e9 a querida amiga e Irm\u00e3 em Cristo, Geisa Lima. Nossos votos de Muitas Felicidades, Sa\u00fade e Grandes Conquistas!<\/strong><\/em><\/p>\n<p><em><strong><img loading=\"lazy\" class=\"alignnone size-full wp-image-40330\" src=\"http:\/\/www.brazilianpress.com\/v1\/wp-content\/uploads\/2019\/08\/social-press-ed-1951-20190801-7.jpg\" alt=\"\" width=\"620\" height=\"466\" srcset=\"https:\/\/www.brazilianpress.com\/v1\/wp-content\/uploads\/2019\/08\/social-press-ed-1951-20190801-7.jpg 620w, https:\/\/www.brazilianpress.com\/v1\/wp-content\/uploads\/2019\/08\/social-press-ed-1951-20190801-7-300x225.jpg 300w\" sizes=\"(max-width: 620px) 100vw, 620px\" \/><br \/>\nO talentoso m\u00fasico carioca Paulo de Sousa est\u00e1 curtindo f\u00e9rias no &#8220;rigoroso&#8221; inverno do Rio, aproveitando momentos de harmonia ao lado da mam\u00e3e. Felicidades!!!<\/strong><\/em><\/p>\n<p><em><strong><img loading=\"lazy\" class=\"alignnone size-full wp-image-40331\" src=\"http:\/\/www.brazilianpress.com\/v1\/wp-content\/uploads\/2019\/08\/social-press-ed-1951-20190801-8.jpg\" alt=\"\" width=\"550\" height=\"678\" srcset=\"https:\/\/www.brazilianpress.com\/v1\/wp-content\/uploads\/2019\/08\/social-press-ed-1951-20190801-8.jpg 550w, https:\/\/www.brazilianpress.com\/v1\/wp-content\/uploads\/2019\/08\/social-press-ed-1951-20190801-8-243x300.jpg 243w\" sizes=\"(max-width: 550px) 100vw, 550px\" \/><br \/>\nLindas e super elegantes, a promotora de eventos Sonia Ponte e a fot\u00f3grafa Clarinha estiveram em New York aproveitando pontos tur\u00edsticos, muito calor, shopping e uma badalada festa no RoofTop do Hotel.<\/strong><\/em><\/p>\n","protected":false},"excerpt":{"rendered":"<p>Michael Renson Elal Airline, Francine ( Francine\u2019s Travel, Chad Martin (Ministro da Cultura de Israel) Mishel Udi Elal Airline em almo\u00e7o de confraterniza\u00e7\u00e3o e tra\u00e7ando planos para excurss\u00f5es para Israel 2019 e 2020 Sauda\u00e7\u00f5es ao escritor e mestre Jonas Correia no comando do Traditional Karate Newark, formando novos talentos na arte da defesa e prepara\u00e7\u00e3o f\u00edsica. Sucesso! Cristine Silvino e uma pequena demonstra\u00e7\u00e3o do que esta para vir de melhor no Delicias Gourmet, Aguardem! Nosso aniversariante especial da semana \u00e9 o querido Doctor Roshin, professor universit\u00e1rio, metereologista e colaborador do BP. Congratulations &amp; Many Blessings!!! Happy Birthday ao camarada Jo\u00e3o [&hellip;]<\/p>\n","protected":false},"author":1,"featured_media":40324,"comment_status":"open","ping_status":"open","sticky":false,"template":"","format":"standard","meta":{"_links_to":"","_links_to_target":""},"categories":[3,1,6],"tags":[],"views":2425,"_links":{"self":[{"href":"https:\/\/www.brazilianpress.com\/v1\/wp-json\/wp\/v2\/posts\/40332"}],"collection":[{"href":"https:\/\/www.brazilianpress.com\/v1\/wp-json\/wp\/v2\/posts"}],"about":[{"href":"https:\/\/www.brazilianpress.com\/v1\/wp-json\/wp\/v2\/types\/post"}],"author":[{"embeddable":true,"href":"https:\/\/www.brazilianpress.com\/v1\/wp-json\/wp\/v2\/users\/1"}],"replies":[{"embeddable":true,"href":"https:\/\/www.brazilianpress.com\/v1\/wp-json\/wp\/v2\/comments?post=40332"}],"version-history":[{"count":1,"href":"https:\/\/www.brazilianpress.com\/v1\/wp-json\/wp\/v2\/posts\/40332\/revisions"}],"predecessor-version":[{"id":40333,"href":"https:\/\/www.brazilianpress.com\/v1\/wp-json\/wp\/v2\/posts\/40332\/revisions\/40333"}],"wp:featuredmedia":[{"embeddable":true,"href":"https:\/\/www.brazilianpress.com\/v1\/wp-json\/wp\/v2\/media\/40324"}],"wp:attachment":[{"href":"https:\/\/www.brazilianpress.com\/v1\/wp-json\/wp\/v2\/media?parent=40332"}],"wp:term":[{"taxonomy":"category","embeddable":true,"href":"https:\/\/www.brazilianpress.com\/v1\/wp-json\/wp\/v2\/categories?post=40332"},{"taxonomy":"post_tag","embeddable":true,"href":"https:\/\/www.brazilianpress.com\/v1\/wp-json\/wp\/v2\/tags?post=40332"}],"curies":[{"name":"wp","href":"https:\/\/api.w.org\/{rel}","templated":true}]}}