{"id":40347,"date":"2019-08-01T13:28:45","date_gmt":"2019-08-01T17:28:45","guid":{"rendered":"http:\/\/www.brazilianpress.com\/v1\/?p=40347"},"modified":"2019-08-01T13:28:45","modified_gmt":"2019-08-01T17:28:45","slug":"menino-de-9-anos-morre-afogado-no-parque-aquatico-de-nj","status":"publish","type":"post","link":"https:\/\/www.brazilianpress.com\/v1\/2019\/08\/01\/menino-de-9-anos-morre-afogado-no-parque-aquatico-de-nj\/","title":{"rendered":"Menino de 9 anos morre afogado no parque aqu\u00e1tico de NJ"},"content":{"rendered":"<p>Um menino de 9 anos do Brooklyn morreu na ter\u00e7a-feira durante uma visita escolar a um parque aqu\u00e1tico em New Jersey, disseram autoridades.<\/p>\n<p>Hersh Meilech Grossman estava visitando o parque aqu\u00e1tico Sahara Sams, em New Jersey, com um grupo de 800 crian\u00e7as e educadores, quando decidiu nadar. Segundo as autoridades, algu\u00e9m ligou para o 911 em algum momento para avisar que um nadador estava em parada respirat\u00f3ria em uma das piscinas. Grossman foi retirado da \u00e1gua inconsciente, enquanto os salva-vidas tentaram realizar a ressuscita\u00e7\u00e3o cardiopulmonar. Bombeiros e EMS assumiram os esfor\u00e7os para salvar sua vida at\u00e9 que ele foi levado para um hospital pr\u00f3ximo.<\/p>\n<p>Ele foi declarado morto por volta das 20h30, apenas uma hora depois de ter sido retirado da \u00e1gua. No momento, n\u00e3o se sabe quem estava supervisionando as centenas de outras crian\u00e7as que estavam presentes na \u00e9poca. Uma aut\u00f3psia ser\u00e1 feita para determinar como ele morreu. O parque aqu\u00e1tico emitiu um comunicado dizendo que estava &#8220;profundamente entristecido&#8221; e que &#8220;nossas ora\u00e7\u00f5es est\u00e3o com a fam\u00edlia do anfitri\u00e3o neste momento dif\u00edcil&#8221;. &#8220;Estamos concluindo uma revis\u00e3o abrangente do incidente, que ocorreu durante um evento privado, e trabalhando em estreita colabora\u00e7\u00e3o com as autoridades locais&#8221;, continuou o comunicado. &#8220;A seguran\u00e7a de nossos h\u00f3spedes e membros da equipe \u00e9 nossa primeira prioridade&#8221;.<\/p>\n","protected":false},"excerpt":{"rendered":"<p>Um menino de 9 anos do Brooklyn morreu na ter\u00e7a-feira durante uma visita escolar a um parque aqu\u00e1tico em New Jersey, disseram autoridades. Hersh Meilech Grossman estava visitando o parque aqu\u00e1tico Sahara Sams, em New Jersey, com um grupo de 800 crian\u00e7as e educadores, quando decidiu nadar. Segundo as autoridades, algu\u00e9m ligou para o 911 em algum momento para avisar que um nadador estava em parada respirat\u00f3ria em uma das piscinas. Grossman foi retirado da \u00e1gua inconsciente, enquanto os salva-vidas tentaram realizar a ressuscita\u00e7\u00e3o cardiopulmonar. Bombeiros e EMS assumiram os esfor\u00e7os para salvar sua vida at\u00e9 que ele foi levado [&hellip;]<\/p>\n","protected":false},"author":1,"featured_media":40348,"comment_status":"open","ping_status":"open","sticky":false,"template":"","format":"standard","meta":{"_links_to":"","_links_to_target":""},"categories":[3,1,10],"tags":[],"views":1889,"_links":{"self":[{"href":"https:\/\/www.brazilianpress.com\/v1\/wp-json\/wp\/v2\/posts\/40347"}],"collection":[{"href":"https:\/\/www.brazilianpress.com\/v1\/wp-json\/wp\/v2\/posts"}],"about":[{"href":"https:\/\/www.brazilianpress.com\/v1\/wp-json\/wp\/v2\/types\/post"}],"author":[{"embeddable":true,"href":"https:\/\/www.brazilianpress.com\/v1\/wp-json\/wp\/v2\/users\/1"}],"replies":[{"embeddable":true,"href":"https:\/\/www.brazilianpress.com\/v1\/wp-json\/wp\/v2\/comments?post=40347"}],"version-history":[{"count":1,"href":"https:\/\/www.brazilianpress.com\/v1\/wp-json\/wp\/v2\/posts\/40347\/revisions"}],"predecessor-version":[{"id":40349,"href":"https:\/\/www.brazilianpress.com\/v1\/wp-json\/wp\/v2\/posts\/40347\/revisions\/40349"}],"wp:featuredmedia":[{"embeddable":true,"href":"https:\/\/www.brazilianpress.com\/v1\/wp-json\/wp\/v2\/media\/40348"}],"wp:attachment":[{"href":"https:\/\/www.brazilianpress.com\/v1\/wp-json\/wp\/v2\/media?parent=40347"}],"wp:term":[{"taxonomy":"category","embeddable":true,"href":"https:\/\/www.brazilianpress.com\/v1\/wp-json\/wp\/v2\/categories?post=40347"},{"taxonomy":"post_tag","embeddable":true,"href":"https:\/\/www.brazilianpress.com\/v1\/wp-json\/wp\/v2\/tags?post=40347"}],"curies":[{"name":"wp","href":"https:\/\/api.w.org\/{rel}","templated":true}]}}