{"id":40355,"date":"2019-08-01T13:36:37","date_gmt":"2019-08-01T17:36:37","guid":{"rendered":"http:\/\/www.brazilianpress.com\/v1\/?p=40355"},"modified":"2019-08-01T13:36:37","modified_gmt":"2019-08-01T17:36:37","slug":"o-autentico-forro-do-ceara-para-a-capital-do-mundo","status":"publish","type":"post","link":"https:\/\/www.brazilianpress.com\/v1\/2019\/08\/01\/o-autentico-forro-do-ceara-para-a-capital-do-mundo\/","title":{"rendered":"O aut\u00eantico forr\u00f3 do Cear\u00e1 para a capital do mundo"},"content":{"rendered":"<p><em><strong>By Mister Sampa.\u00a0<\/strong><\/em><\/p>\n<p>A banda &#8220;Cacimba de Alu\u00e1&#8221;, por dois anos consecutivos abrilhantou a maior festa junina do Nordeste em Caruaru, Pernambuco. Shows em Fortaleza nos jogos da Copa do Mundo de 2014, disputada no Brasil. A banda fez no dia 29 de junho deste ano 10 anos de muito sucesso. Por conta de uma agenda muito cheia, n\u00e3o\u00a0tiveram como se ausentar do Brasil, mesmo com v\u00e1rios\u00a0convites para shows em Portugal e EUA, mas neste ano na porteira aberta pelo mestre Alceu Valen\u00e7a,\u00a0que fez show no Summer Stage em Nova York, o jornal Brazilian Press convidou a sensa\u00e7\u00e3o\u00a0 do aut\u00eantico forr\u00f3 p\u00e9\u00a0de serra em Fortaleza, a banda Cacimba de Alu\u00e1, com a receita do verdadeiro forr\u00f3.<\/p>\n<p>Essa \u00e9 a receita de um forr\u00f3 bem nosso, nordestino, pisado na ful\u00f4, dois pra l\u00e1, dois pra c\u00e1 e a umbigada comendo no centro. Na forma \u201ccearens\u00eas\u201d de falar, essa receita receberia como aprova\u00e7\u00e3o um sonoro peeeeeeeeeeense num forr\u00f3 pai d\u2019\u00e9gua!, essa \u00e9 a receita o Cacimba de Alu\u00e1.<\/p>\n<p><img loading=\"lazy\" class=\"alignnone size-full wp-image-40357\" src=\"http:\/\/www.brazilianpress.com\/v1\/wp-content\/uploads\/2019\/08\/Maestro-Fabinho-vocalista-da-banda-Cacimba-de-Alua..jpg\" alt=\"\" width=\"720\" height=\"960\" srcset=\"https:\/\/www.brazilianpress.com\/v1\/wp-content\/uploads\/2019\/08\/Maestro-Fabinho-vocalista-da-banda-Cacimba-de-Alua..jpg 720w, https:\/\/www.brazilianpress.com\/v1\/wp-content\/uploads\/2019\/08\/Maestro-Fabinho-vocalista-da-banda-Cacimba-de-Alua.-225x300.jpg 225w\" sizes=\"(max-width: 720px) 100vw, 720px\" \/><\/p>\n<p>Formado por m\u00fasicos que cantam e tocam com sentimento e que t\u00eam o consentimento de nos emocionar, o grupo de forr\u00f3 p\u00e9 de serra tem como objetivo valorizar, preservar e difundir a aut\u00eantica m\u00fasica popular nordestina e fazer o povo dan\u00e7ar, cantar, sorrir e suar ao som da sanfona, do maestro\u00a0 e o maestro e vocalista\u00a0 F\u00e1bio Duarte, do tililim do tri\u00e2ngulo e do tum, tum, tum, do zabumba e do nosso cora\u00e7\u00e3o.<\/p>\n<p>A escolha do repert\u00f3rio foi um verdadeiro garimpo nas terras f\u00e9rteis da m\u00fasica nordestina, sem dificuldade alguma e com um prazer imenso, o grupo mergulhou nas cacimbas musicais ado\u00e7adas por verdadeiras poesias do cancioneiro popular, trazendo \u00e0 luz dos sal\u00f5es e aos nossos ouvidos agradecidos, o puro forr\u00f3, misturando com sabedoria, o passado e o presente num verdadeiro presente musical, esse grupo \u00e9 sucesso de p\u00fablico e cr\u00edtica por todo o Brasil.<\/p>\n<p>Cacimba de Alu\u00e1 \u00e9 um grupo formado por cada um de n\u00f3s, um grupo que prima pela qualidade musical, que toca o forr\u00f3 do mais puro sabor e que vai embeber\u00a0 as plateias por onde passar nos EUA com o Alu\u00e1 adocicado dessa cacimba que nunca vai secar.<\/p>\n<p>A tradi\u00e7\u00e3o da sanfona, zabumba, tri\u00e2ngulo, irmanada com outros instrumentos e vozes far\u00e3o a festa, musicando nossos sonhos com harmonia, que vai dividir essa alegria musical com brasileiros e americanos e o bravo povo imigrante que resiste e acredita que ainda podemos ouvir coisas boas, transformando ent\u00e3o, essa cacimba, num po\u00e7o de desejos e matar a sede de forr\u00f3, com o mais aut\u00eantico alu\u00e1 musical nordestino.<\/p>\n<p>O imigrante saudoso de um bom e puro forr\u00f3 ser\u00e1 prestigiado com os shows da Cacimba de Alu\u00e1 em Nova York e Nova Jersey. Pense em forr\u00f3 danado de bom, quando setembro chegar e na bagagem eles est\u00e3o\u00a0trazendo o bal\u00e9 forrozeiro e muitas coisas boas do Cear\u00e1: rapadura, redes, artesanatos e muita alegria com o bom humor cearense. O Pal\u00e1cio Europa, casa de grandes shows de forr\u00f3\u00a0como Fala Mansa, Arriba Saia e outros ficar\u00e1 pequeno, como se diz no Cear\u00e1&#8230; cuida negada. O comunicador e poeta nordestino Dilson Pinheiro est\u00e1 trazendo a receita de como fazer um forr\u00f3.<\/p>\n","protected":false},"excerpt":{"rendered":"<p>By Mister Sampa.\u00a0 A banda &#8220;Cacimba de Alu\u00e1&#8221;, por dois anos consecutivos abrilhantou a maior festa junina do Nordeste em Caruaru, Pernambuco. Shows em Fortaleza nos jogos da Copa do Mundo de 2014, disputada no Brasil. A banda fez no dia 29 de junho deste ano 10 anos de muito sucesso. Por conta de uma agenda muito cheia, n\u00e3o\u00a0tiveram como se ausentar do Brasil, mesmo com v\u00e1rios\u00a0convites para shows em Portugal e EUA, mas neste ano na porteira aberta pelo mestre Alceu Valen\u00e7a,\u00a0que fez show no Summer Stage em Nova York, o jornal Brazilian Press convidou a sensa\u00e7\u00e3o\u00a0 do aut\u00eantico [&hellip;]<\/p>\n","protected":false},"author":1,"featured_media":40356,"comment_status":"open","ping_status":"open","sticky":false,"template":"","format":"standard","meta":{"_links_to":"","_links_to_target":""},"categories":[4,3,1],"tags":[],"views":1585,"_links":{"self":[{"href":"https:\/\/www.brazilianpress.com\/v1\/wp-json\/wp\/v2\/posts\/40355"}],"collection":[{"href":"https:\/\/www.brazilianpress.com\/v1\/wp-json\/wp\/v2\/posts"}],"about":[{"href":"https:\/\/www.brazilianpress.com\/v1\/wp-json\/wp\/v2\/types\/post"}],"author":[{"embeddable":true,"href":"https:\/\/www.brazilianpress.com\/v1\/wp-json\/wp\/v2\/users\/1"}],"replies":[{"embeddable":true,"href":"https:\/\/www.brazilianpress.com\/v1\/wp-json\/wp\/v2\/comments?post=40355"}],"version-history":[{"count":1,"href":"https:\/\/www.brazilianpress.com\/v1\/wp-json\/wp\/v2\/posts\/40355\/revisions"}],"predecessor-version":[{"id":40358,"href":"https:\/\/www.brazilianpress.com\/v1\/wp-json\/wp\/v2\/posts\/40355\/revisions\/40358"}],"wp:featuredmedia":[{"embeddable":true,"href":"https:\/\/www.brazilianpress.com\/v1\/wp-json\/wp\/v2\/media\/40356"}],"wp:attachment":[{"href":"https:\/\/www.brazilianpress.com\/v1\/wp-json\/wp\/v2\/media?parent=40355"}],"wp:term":[{"taxonomy":"category","embeddable":true,"href":"https:\/\/www.brazilianpress.com\/v1\/wp-json\/wp\/v2\/categories?post=40355"},{"taxonomy":"post_tag","embeddable":true,"href":"https:\/\/www.brazilianpress.com\/v1\/wp-json\/wp\/v2\/tags?post=40355"}],"curies":[{"name":"wp","href":"https:\/\/api.w.org\/{rel}","templated":true}]}}