{"id":40359,"date":"2019-08-01T13:38:42","date_gmt":"2019-08-01T17:38:42","guid":{"rendered":"http:\/\/www.brazilianpress.com\/v1\/?p=40359"},"modified":"2019-08-01T13:38:42","modified_gmt":"2019-08-01T17:38:42","slug":"eua-retoma-pena-de-morte-e-confirma-5-execucoes","status":"publish","type":"post","link":"https:\/\/www.brazilianpress.com\/v1\/2019\/08\/01\/eua-retoma-pena-de-morte-e-confirma-5-execucoes\/","title":{"rendered":"EUA retoma pena de morte e confirma 5 execu\u00e7\u00f5es"},"content":{"rendered":"<p>O Departamento de Justi\u00e7a dos Estados Unidos restabeleceu na quinta-feira, ap\u00f3s duas d\u00e9cadas de interrup\u00e7\u00e3o, o uso da pena de morte pelo governo federal, e imediatamente anunciou as execu\u00e7\u00f5es de cinco presos federais.<\/p>\n<p>\u201cO Congresso autorizou expressamente a pena de morte por meio de legisla\u00e7\u00e3o adotada pelos representantes do povo nas duas Casas do Congresso e sancionada pelo presidente\u201d, afirmou o secret\u00e1rio de Justi\u00e7a, William Barr, em comunicado. \u201cO Departamento de Justi\u00e7a defende o estado de direito e n\u00f3s devemos \u00e0s v\u00edtimas e suas fam\u00edlias levarmos adiante a senten\u00e7a imposta pelo nosso sistema de Justi\u00e7a\u201d, acrescentou.<\/p>\n<p>O presidente Donald Trump, defendeu o aumento do uso da pena de morte para traficantes de drogas e pessoas que cometem chacinas, um pedido sobre o qual o Departamento de Justi\u00e7a passou a trabalhar desde ent\u00e3o. Logo no in\u00edcio do governo, o ent\u00e3o secret\u00e1rio de Justi\u00e7a, Jeff Sessions, ordenou que o Departamento Federal de Pris\u00f5es examinasse quais medidas poderiam ser necess\u00e1rias para retomar o uso da pena de morte, disse um funcion\u00e1rio do Departamento de Justi\u00e7a.<\/p>\n<p>Em mar\u00e7o de 2018, Sessions tamb\u00e9m pediu que os promotores federais pedissem a pena de morte ao apresentarem den\u00fancias contra traficantes de drogas como parte de uma estrat\u00e9gia para ajudar a combater a crise dos opi\u00e1ceos. Mais recentemente, em maio, o Escrit\u00f3rio de Assessoria Jur\u00eddica do Departamento de Justi\u00e7a tomou medidas para tornar mais f\u00e1cil para o pa\u00eds realizar execu\u00e7\u00f5es, declarando que a ag\u00eancia federal de medicamentos n\u00e3o tem o poder de regular drogas de inje\u00e7\u00e3o letal.<\/p>\n<p>Essa decis\u00e3o tornar\u00e1 mais f\u00e1cil para os Estados importarem tais drogas depois que muitas empresas farmac\u00eauticas cortaram os suprimentos. O Departamento de Justi\u00e7a confirmou de imediato as execu\u00e7\u00f5es de cinco presos federais condenados por crimes hediondos e sexuais, e que planeja outras para o futuro.<\/p>\n<p>Todos os cinco ser\u00e3o executados por inje\u00e7\u00e3o letal usando uma \u00fanica droga, o pentobarbital. Entre os detentos est\u00e1 Daniel Lewis Lee, um supremacista branco que foi condenado em Arkansas por assassinar uma fam\u00edlia de tr\u00eas pessoas, incluindo uma menina de 8 anos.<\/p>\n","protected":false},"excerpt":{"rendered":"<p>O Departamento de Justi\u00e7a dos Estados Unidos restabeleceu na quinta-feira, ap\u00f3s duas d\u00e9cadas de interrup\u00e7\u00e3o, o uso da pena de morte pelo governo federal, e imediatamente anunciou as execu\u00e7\u00f5es de cinco presos federais. \u201cO Congresso autorizou expressamente a pena de morte por meio de legisla\u00e7\u00e3o adotada pelos representantes do povo nas duas Casas do Congresso e sancionada pelo presidente\u201d, afirmou o secret\u00e1rio de Justi\u00e7a, William Barr, em comunicado. \u201cO Departamento de Justi\u00e7a defende o estado de direito e n\u00f3s devemos \u00e0s v\u00edtimas e suas fam\u00edlias levarmos adiante a senten\u00e7a imposta pelo nosso sistema de Justi\u00e7a\u201d, acrescentou. O presidente Donald Trump, [&hellip;]<\/p>\n","protected":false},"author":1,"featured_media":40360,"comment_status":"open","ping_status":"open","sticky":false,"template":"","format":"standard","meta":{"_links_to":"","_links_to_target":""},"categories":[3,1,10],"tags":[],"views":1498,"_links":{"self":[{"href":"https:\/\/www.brazilianpress.com\/v1\/wp-json\/wp\/v2\/posts\/40359"}],"collection":[{"href":"https:\/\/www.brazilianpress.com\/v1\/wp-json\/wp\/v2\/posts"}],"about":[{"href":"https:\/\/www.brazilianpress.com\/v1\/wp-json\/wp\/v2\/types\/post"}],"author":[{"embeddable":true,"href":"https:\/\/www.brazilianpress.com\/v1\/wp-json\/wp\/v2\/users\/1"}],"replies":[{"embeddable":true,"href":"https:\/\/www.brazilianpress.com\/v1\/wp-json\/wp\/v2\/comments?post=40359"}],"version-history":[{"count":1,"href":"https:\/\/www.brazilianpress.com\/v1\/wp-json\/wp\/v2\/posts\/40359\/revisions"}],"predecessor-version":[{"id":40361,"href":"https:\/\/www.brazilianpress.com\/v1\/wp-json\/wp\/v2\/posts\/40359\/revisions\/40361"}],"wp:featuredmedia":[{"embeddable":true,"href":"https:\/\/www.brazilianpress.com\/v1\/wp-json\/wp\/v2\/media\/40360"}],"wp:attachment":[{"href":"https:\/\/www.brazilianpress.com\/v1\/wp-json\/wp\/v2\/media?parent=40359"}],"wp:term":[{"taxonomy":"category","embeddable":true,"href":"https:\/\/www.brazilianpress.com\/v1\/wp-json\/wp\/v2\/categories?post=40359"},{"taxonomy":"post_tag","embeddable":true,"href":"https:\/\/www.brazilianpress.com\/v1\/wp-json\/wp\/v2\/tags?post=40359"}],"curies":[{"name":"wp","href":"https:\/\/api.w.org\/{rel}","templated":true}]}}