{"id":40369,"date":"2019-08-01T17:52:33","date_gmt":"2019-08-01T21:52:33","guid":{"rendered":"http:\/\/www.brazilianpress.com\/v1\/?p=40369"},"modified":"2019-08-01T17:52:33","modified_gmt":"2019-08-01T21:52:33","slug":"apos-quase-oito-anos-carlos-cesar-fica-sem-contrato-e-deixa-o-atletico-mg-com-101-jogos","status":"publish","type":"post","link":"https:\/\/www.brazilianpress.com\/v1\/2019\/08\/01\/apos-quase-oito-anos-carlos-cesar-fica-sem-contrato-e-deixa-o-atletico-mg-com-101-jogos\/","title":{"rendered":"Ap\u00f3s quase oito anos, Carlos C\u00e9sar fica sem contrato e deixa o Atl\u00e9tico-MG com 101 jogos"},"content":{"rendered":"<p>O contrato do lateral-direito Carlos C\u00e9sar, que termina nesta quarta-feira, n\u00e3o ser\u00e1 renovado pelo Atl\u00e9tico-MG. Sendo assim, o jogador deixar\u00e1 o clube alvinegro, com o qual tem v\u00ednculo desde 2011. O jogador, que participou do treino na segunda-feira, nem foi a campo nesta ter\u00e7a e s\u00f3 voltar\u00e1 \u00e0 Cidade do Galo para se despedir dos companheiros.<\/p>\n<p>Vindo do Boa Esporte, ap\u00f3s se destacar no Campeonato Mineiro de 2011, Carlos C\u00e9sar tem 101 jogos com a camisa do Atl\u00e9tico e cinco gols marcados. Foram quase oito anos no clube, entre passagens pelo Galo e empr\u00e9stimos, e cinco t\u00edtulos: quatro Campeonatos Mineiros (2012, 2013, 2015 e 2017) e a Libertadores (2013). No atual elenco, com a sa\u00edda de Carlos C\u00e9sar, o t\u00e9cnico Rodrigo Santana tem Guga e Patric como op\u00e7\u00f5es para a lateral-direita.<\/p>\n","protected":false},"excerpt":{"rendered":"<p>O contrato do lateral-direito Carlos C\u00e9sar, que termina nesta quarta-feira, n\u00e3o ser\u00e1 renovado pelo Atl\u00e9tico-MG. Sendo assim, o jogador deixar\u00e1 o clube alvinegro, com o qual tem v\u00ednculo desde 2011. O jogador, que participou do treino na segunda-feira, nem foi a campo nesta ter\u00e7a e s\u00f3 voltar\u00e1 \u00e0 Cidade do Galo para se despedir dos companheiros. Vindo do Boa Esporte, ap\u00f3s se destacar no Campeonato Mineiro de 2011, Carlos C\u00e9sar tem 101 jogos com a camisa do Atl\u00e9tico e cinco gols marcados. Foram quase oito anos no clube, entre passagens pelo Galo e empr\u00e9stimos, e cinco t\u00edtulos: quatro Campeonatos Mineiros [&hellip;]<\/p>\n","protected":false},"author":1,"featured_media":40370,"comment_status":"open","ping_status":"open","sticky":false,"template":"","format":"standard","meta":{"_links_to":"","_links_to_target":""},"categories":[9,1],"tags":[],"views":1252,"_links":{"self":[{"href":"https:\/\/www.brazilianpress.com\/v1\/wp-json\/wp\/v2\/posts\/40369"}],"collection":[{"href":"https:\/\/www.brazilianpress.com\/v1\/wp-json\/wp\/v2\/posts"}],"about":[{"href":"https:\/\/www.brazilianpress.com\/v1\/wp-json\/wp\/v2\/types\/post"}],"author":[{"embeddable":true,"href":"https:\/\/www.brazilianpress.com\/v1\/wp-json\/wp\/v2\/users\/1"}],"replies":[{"embeddable":true,"href":"https:\/\/www.brazilianpress.com\/v1\/wp-json\/wp\/v2\/comments?post=40369"}],"version-history":[{"count":1,"href":"https:\/\/www.brazilianpress.com\/v1\/wp-json\/wp\/v2\/posts\/40369\/revisions"}],"predecessor-version":[{"id":40371,"href":"https:\/\/www.brazilianpress.com\/v1\/wp-json\/wp\/v2\/posts\/40369\/revisions\/40371"}],"wp:featuredmedia":[{"embeddable":true,"href":"https:\/\/www.brazilianpress.com\/v1\/wp-json\/wp\/v2\/media\/40370"}],"wp:attachment":[{"href":"https:\/\/www.brazilianpress.com\/v1\/wp-json\/wp\/v2\/media?parent=40369"}],"wp:term":[{"taxonomy":"category","embeddable":true,"href":"https:\/\/www.brazilianpress.com\/v1\/wp-json\/wp\/v2\/categories?post=40369"},{"taxonomy":"post_tag","embeddable":true,"href":"https:\/\/www.brazilianpress.com\/v1\/wp-json\/wp\/v2\/tags?post=40369"}],"curies":[{"name":"wp","href":"https:\/\/api.w.org\/{rel}","templated":true}]}}