{"id":40372,"date":"2019-08-01T17:53:59","date_gmt":"2019-08-01T21:53:59","guid":{"rendered":"http:\/\/www.brazilianpress.com\/v1\/?p=40372"},"modified":"2019-08-01T17:53:59","modified_gmt":"2019-08-01T21:53:59","slug":"na-reserva-do-cruzeiro-fred-se-ve-fora-do-esquema-de-mano-nao-encaixo-nas-caracteristicas","status":"publish","type":"post","link":"https:\/\/www.brazilianpress.com\/v1\/2019\/08\/01\/na-reserva-do-cruzeiro-fred-se-ve-fora-do-esquema-de-mano-nao-encaixo-nas-caracteristicas\/","title":{"rendered":"Na reserva do Cruzeiro, Fred se v\u00ea fora do esquema de Mano: &#8220;N\u00e3o encaixo nas caracter\u00edsticas&#8221;"},"content":{"rendered":"<p>Depois de ficar no banco diante do River Plate,\u00a0no duelo que marcou a elimina\u00e7\u00e3o do Cruzeiro na Libertadores,\u00a0o atacante Fred disse que n\u00e3o se v\u00ea no esquema do t\u00e9cnico Mano Menezes. Ele diz entender a condi\u00e7\u00e3o de reserva, mas afirma que n\u00e3o se encaixa no estilo de jogo do treinador cruzeirense, que opta por marcar no campo de defesa e sair r\u00e1pido em contra-ataque.<\/p>\n<p>&#8211; Eu trabalho para voltar a ser titular, mas, enquanto isso n\u00e3o acontece, eu vou tentando ajudar no tempo que eu estiver em campo, ou de alguma forma do lado de fora, independentemente de qualquer coisa. &#8220;\u00c9 l\u00f3gico que a gente fica triste por sair do time, mas a gente entende, tamb\u00e9m, que \u00e9 uma caracter\u00edstica do Mano, de marcar bem l\u00e1 atr\u00e1s, com todo mundo, e sair no contra-ataque, e eu n\u00e3o encaixo nessas caracter\u00edsticas dele\u201d<\/p>\n<p>Fred perdeu a condi\u00e7\u00e3o de titular no retorno do time ap\u00f3s a parada no calend\u00e1rio do futebol brasileiro durante a Copa Am\u00e9rica. Surpreendentemente, Mano abriu m\u00e3o do centroavante para jogar com Pedro Rocha de &#8220;falso 9&#8221;, diante do Atl\u00e9tico-MG, na ida das quartas de final da Copa do Brasil. Desde ent\u00e3o, ele s\u00f3 voltou a ser titular quando o treinador n\u00e3o teve alguma das op\u00e7\u00f5es de frente.<\/p>\n<p>Al\u00e9m de fazer essa revela\u00e7\u00e3o sobre o esquema de jogo, Fred admitiu que o Cruzeiro tem atuado para &#8220;ganhar de 1 a 0&#8221;, principalmente nos duelos eliminat\u00f3rios. Vale lembrar que a Raposa n\u00e3o faz gol h\u00e1 seis partidas, contando Libertadores, Copa do Brasil e Campeonato Brasileiro.<\/p>\n<p>&#8211; A gente est\u00e1 jogando o jogo para fazer isso mesmo, para ganhar de 1 a 0, para passar de fase, principalmente nesses mata-matas. Est\u00e1 poupando todo mundo a\u00ed no Brasileiro, ent\u00e3o \u00e9 natural sofrer. No \u00faltimo jogo, jogamos com oito moleques, com muita personalidade, com muita qualidade, mas sem treinar com a gente. \u00c9 normal sentir essa dificuldade, mas as caracter\u00edsticas est\u00e3o sendo para criar pouco, mas matar o jogo com os caras l\u00e1 da frente, que s\u00e3o r\u00e1pidos.<\/p>\n<p>Fred come\u00e7ou a temporada voando. Chegou a ter m\u00e9dia de um gol por partida, e acabou sendo artilheiro do Campeonato Mineiro, com 12 gols. O camisa 9 da Raposa, inclusive, marcou o gol que deu o t\u00edtulo estadual \u00e0 Raposa diante do Atl\u00e9tico-MG.<\/p>\n<p>Agora, no entanto, est\u00e1 vivendo um momento completamente oposto. J\u00e1 s\u00e3o 14 jogos sem balan\u00e7ar as redes, sendo que em 11 ele foi titular, e em tr\u00eas foi reserva. Na derrota por 2 a 0 para o Athletico-PR, s\u00e1bado passado, no Brasileiro, foi vaiado pela torcida no segundo tempo. O Cruzeiro volta a atuar no domingo, \u00e0s 19h (de Bras\u00edlia), em cl\u00e1ssico diante do Atl\u00e9tico-MG, v\u00e1lido pelo Campeonato Brasileiro.<\/p>\n","protected":false},"excerpt":{"rendered":"<p>Depois de ficar no banco diante do River Plate,\u00a0no duelo que marcou a elimina\u00e7\u00e3o do Cruzeiro na Libertadores,\u00a0o atacante Fred disse que n\u00e3o se v\u00ea no esquema do t\u00e9cnico Mano Menezes. Ele diz entender a condi\u00e7\u00e3o de reserva, mas afirma que n\u00e3o se encaixa no estilo de jogo do treinador cruzeirense, que opta por marcar no campo de defesa e sair r\u00e1pido em contra-ataque. &#8211; Eu trabalho para voltar a ser titular, mas, enquanto isso n\u00e3o acontece, eu vou tentando ajudar no tempo que eu estiver em campo, ou de alguma forma do lado de fora, independentemente de qualquer coisa. [&hellip;]<\/p>\n","protected":false},"author":1,"featured_media":40373,"comment_status":"open","ping_status":"open","sticky":false,"template":"","format":"standard","meta":{"_links_to":"","_links_to_target":""},"categories":[9,1],"tags":[],"views":1628,"_links":{"self":[{"href":"https:\/\/www.brazilianpress.com\/v1\/wp-json\/wp\/v2\/posts\/40372"}],"collection":[{"href":"https:\/\/www.brazilianpress.com\/v1\/wp-json\/wp\/v2\/posts"}],"about":[{"href":"https:\/\/www.brazilianpress.com\/v1\/wp-json\/wp\/v2\/types\/post"}],"author":[{"embeddable":true,"href":"https:\/\/www.brazilianpress.com\/v1\/wp-json\/wp\/v2\/users\/1"}],"replies":[{"embeddable":true,"href":"https:\/\/www.brazilianpress.com\/v1\/wp-json\/wp\/v2\/comments?post=40372"}],"version-history":[{"count":1,"href":"https:\/\/www.brazilianpress.com\/v1\/wp-json\/wp\/v2\/posts\/40372\/revisions"}],"predecessor-version":[{"id":40374,"href":"https:\/\/www.brazilianpress.com\/v1\/wp-json\/wp\/v2\/posts\/40372\/revisions\/40374"}],"wp:featuredmedia":[{"embeddable":true,"href":"https:\/\/www.brazilianpress.com\/v1\/wp-json\/wp\/v2\/media\/40373"}],"wp:attachment":[{"href":"https:\/\/www.brazilianpress.com\/v1\/wp-json\/wp\/v2\/media?parent=40372"}],"wp:term":[{"taxonomy":"category","embeddable":true,"href":"https:\/\/www.brazilianpress.com\/v1\/wp-json\/wp\/v2\/categories?post=40372"},{"taxonomy":"post_tag","embeddable":true,"href":"https:\/\/www.brazilianpress.com\/v1\/wp-json\/wp\/v2\/tags?post=40372"}],"curies":[{"name":"wp","href":"https:\/\/api.w.org\/{rel}","templated":true}]}}