{"id":40383,"date":"2019-08-01T18:03:12","date_gmt":"2019-08-01T22:03:12","guid":{"rendered":"http:\/\/www.brazilianpress.com\/v1\/?p=40383"},"modified":"2019-08-01T18:03:12","modified_gmt":"2019-08-01T22:03:12","slug":"elogio-de-trump-reforca-confianca-em-nosso-governo-diz-bolsonaro","status":"publish","type":"post","link":"https:\/\/www.brazilianpress.com\/v1\/2019\/08\/01\/elogio-de-trump-reforca-confianca-em-nosso-governo-diz-bolsonaro\/","title":{"rendered":"Elogio de Trump refor\u00e7a confian\u00e7a em nosso governo, diz Bolsonaro"},"content":{"rendered":"<p>O presidente Jair Bolsonaro disse na quarta-feira (30), que o elogio do presidente norte-americano, Donald Trump, \u00e0 indica\u00e7\u00e3o do deputado federal Eduardo Bolsonaro (PSL-SP) para embaixador do Brasil nos Estados Unidos demonstra confian\u00e7a no governo. Para o presidente brasileiro, essa indica\u00e7\u00e3o vai fortalecer la\u00e7os comerciais entre os dois pa\u00edses.<\/p>\n<p>&#8220;Demonstra a confian\u00e7a que ele [Trump] tem no governo e tamb\u00e9m a confian\u00e7a que ele tem no meu filho, que \u00e9 amigo de familIaires dele. Temos certeza que, caso o Senado aprove essa ida para l\u00e1, os nossos la\u00e7os comerciais ser\u00e3o fortalecidos. O Senado vai decidir, tenho certeza que o Senado vai aprovar&#8221;, disse Bolsonaro a jornalistas logo ap\u00f3s participar da cerim\u00f4nia de assinatura das\u00a0novas normas de sa\u00fade e seguran\u00e7a no trabalho, no Pal\u00e1cio do Planalto.<\/p>\n<p>Mais cedo, durante entrevista com jornalistas na Casa Branca, em Washington, Trump respondeu a uma pergunta de um jornalista da Globo News sobre a poss\u00edvel indica\u00e7\u00e3o de Eduardo Bolsonaro para o cargo.\u00a0 &#8220;Eu conhe\u00e7o o filho dele, acho o filho dele excepcional. \u00c9 um jovem homem brilhante e maravilhoso. Fico muito feliz que ele o tenha indicado. Acho que \u00e9 uma \u00f3tima indica\u00e7\u00e3o. Conhe\u00e7o o filho dele e \u00e9 provavelmente por isso que ele o indicou&#8221;, disse o l\u00edder norte-americano.<\/p>\n<p>Trump tamb\u00e9m foi questionado se considerava a indica\u00e7\u00e3o como nepotismo, por se tratar do filho do presidente brasileiro, mas ele refutou a tese e voltou a elogiar o deputado federal. O presidente dos EUA tamb\u00e9m demonstrou que desconhecia a indica\u00e7\u00e3o de Eduardo Bolsonaro como embaixador, que ainda n\u00e3o foi formalizada.\u00a0 &#8220;N\u00e3o acho que seja nepotismo, porque o filho dele o ajudou muito na campanha. Acho que \u00e9 uma grande indica\u00e7\u00e3o, eu n\u00e3o sabia disso&#8221;, acrescentou.<\/p>\n<p><strong>Acordo de livre com\u00e9rcio<\/strong><\/p>\n<p>Donald Trump tamb\u00e9m falou da inten\u00e7\u00e3o de firmar um acordo de livre com\u00e9rcio entre Brasil e Estados Unidos. \u00a0&#8220;O Brasil \u00e9 um grande parceiro comercial. Eles nos cobram muitas tarifas, mas, fora isso, amamos a rela\u00e7\u00e3o&#8221;, disse norte-americano. Ele ainda classificou o presidente Jair Bolsonaro como &#8220;um homem maravilhoso&#8221; e elogiou a gest\u00e3o do presidente brasileiro.<\/p>\n<p>&#8220;Eu tenho uma \u00f3tima rela\u00e7\u00e3o com o Brasil. Eu tenho uma rela\u00e7\u00e3o fant\u00e1stica com o seu presidente. Ele \u00e9 um grande cavalheiro, ele esteve aqui. Eles dizem que ele \u00e9 o Trump do Brasil, eu gosto disso, \u00e9 um elogio. E a prop\u00f3sito, acho que ele est\u00e1 fazendo um grande trabalho. Ele \u00e9 um homem maravilhoso com uma fam\u00edlia maravilhosa&#8221;, disse.\u00a0\u00a0 O presidente divulgou na noite desta ter\u00e7a-feira em seu Twitter pessoal a fala de Trump sobre a indica\u00e7\u00e3o de Eduardo Bolsonaro, seu governo e sobre a inten\u00e7\u00e3o de firmar um acordo de livre com\u00e9rcio entre o Brasil e os Estados Unidos.<\/p>\n<p><strong>Agr\u00e9ment<\/strong><\/p>\n<p>Na semana passada, o ministro das Rela\u00e7\u00f5es Exteriores, Ernesto Ara\u00fajo, confirmou que o governo brasileiro\u00a0enviou ao Estados Unidos um\u00a0agr\u00e9ment\u00a0(pedido diplom\u00e1tico) para que Eduardo Bolsonaro \u00a0seja nomeado embaixador do Brasil em Washington. A medida \u00e9 uma praxe na diplomacia. O governo norte-americano precisa aprovar previamente a indica\u00e7\u00e3o para que ela possa ser apresentada internamente.\u00a0 Caso a sinaliza\u00e7\u00e3o positiva dos EUA se confirme, o presidente Jair Bolsonaro formalizar\u00e1 a indica\u00e7\u00e3o oficial, que precisa ser aprovada pelo Senado Federal. Uma sabatina com o indicado \u00e9 realizada previamente pela Comiss\u00e3o de Rela\u00e7\u00f5es Exteriores da Casa.<\/p>\n<p>Caso seja aprovado para o cargo de embaixador, Eduardo Bolsonaro ter\u00e1 que renunciar ao mandato de deputado federal. Nas elei\u00e7\u00f5es do ano passado, ele foi o deputado federal mais votado da hist\u00f3ria do pa\u00eds, obtendo mais de 1,8 milh\u00e3o de votos.\u00a0 De acordo com o Artigo 56 da Constitui\u00e7\u00e3o Federal, n\u00e3o h\u00e1 perda de mandato, por parte de deputado ou senador, se o parlamentar for investido como chefe de miss\u00e3o diplom\u00e1tica tempor\u00e1ria, o que n\u00e3o seria o caso de embaixador, que \u00e9 considerado cargo de miss\u00e3o diplom\u00e1tica permanente, segundo a pr\u00f3pria Carta Magna. No in\u00edcio do m\u00eas, o pr\u00f3prio Eduardo Bolsonaro admitiu a\u00a0disposi\u00e7\u00e3o de renunciar ao mandato parlamentar\u00a0para assumir a miss\u00e3o de embaixador.<\/p>\n","protected":false},"excerpt":{"rendered":"<p>O presidente Jair Bolsonaro disse na quarta-feira (30), que o elogio do presidente norte-americano, Donald Trump, \u00e0 indica\u00e7\u00e3o do deputado federal Eduardo Bolsonaro (PSL-SP) para embaixador do Brasil nos Estados Unidos demonstra confian\u00e7a no governo. Para o presidente brasileiro, essa indica\u00e7\u00e3o vai fortalecer la\u00e7os comerciais entre os dois pa\u00edses. &#8220;Demonstra a confian\u00e7a que ele [Trump] tem no governo e tamb\u00e9m a confian\u00e7a que ele tem no meu filho, que \u00e9 amigo de familIaires dele. Temos certeza que, caso o Senado aprove essa ida para l\u00e1, os nossos la\u00e7os comerciais ser\u00e3o fortalecidos. O Senado vai decidir, tenho certeza que o Senado [&hellip;]<\/p>\n","protected":false},"author":1,"featured_media":38475,"comment_status":"open","ping_status":"open","sticky":false,"template":"","format":"standard","meta":{"_links_to":"","_links_to_target":""},"categories":[7,1],"tags":[],"views":1323,"_links":{"self":[{"href":"https:\/\/www.brazilianpress.com\/v1\/wp-json\/wp\/v2\/posts\/40383"}],"collection":[{"href":"https:\/\/www.brazilianpress.com\/v1\/wp-json\/wp\/v2\/posts"}],"about":[{"href":"https:\/\/www.brazilianpress.com\/v1\/wp-json\/wp\/v2\/types\/post"}],"author":[{"embeddable":true,"href":"https:\/\/www.brazilianpress.com\/v1\/wp-json\/wp\/v2\/users\/1"}],"replies":[{"embeddable":true,"href":"https:\/\/www.brazilianpress.com\/v1\/wp-json\/wp\/v2\/comments?post=40383"}],"version-history":[{"count":1,"href":"https:\/\/www.brazilianpress.com\/v1\/wp-json\/wp\/v2\/posts\/40383\/revisions"}],"predecessor-version":[{"id":40384,"href":"https:\/\/www.brazilianpress.com\/v1\/wp-json\/wp\/v2\/posts\/40383\/revisions\/40384"}],"wp:featuredmedia":[{"embeddable":true,"href":"https:\/\/www.brazilianpress.com\/v1\/wp-json\/wp\/v2\/media\/38475"}],"wp:attachment":[{"href":"https:\/\/www.brazilianpress.com\/v1\/wp-json\/wp\/v2\/media?parent=40383"}],"wp:term":[{"taxonomy":"category","embeddable":true,"href":"https:\/\/www.brazilianpress.com\/v1\/wp-json\/wp\/v2\/categories?post=40383"},{"taxonomy":"post_tag","embeddable":true,"href":"https:\/\/www.brazilianpress.com\/v1\/wp-json\/wp\/v2\/tags?post=40383"}],"curies":[{"name":"wp","href":"https:\/\/api.w.org\/{rel}","templated":true}]}}