{"id":41260,"date":"2019-10-01T09:05:59","date_gmt":"2019-10-01T13:05:59","guid":{"rendered":"http:\/\/www.brazilianpress.com\/v1\/?p=41260"},"modified":"2019-10-01T09:05:59","modified_gmt":"2019-10-01T13:05:59","slug":"nigeriano-morre-de-fome-em-centro-de-detencao-de-imigrantes-no-japao","status":"publish","type":"post","link":"https:\/\/www.brazilianpress.com\/v1\/2019\/10\/01\/nigeriano-morre-de-fome-em-centro-de-detencao-de-imigrantes-no-japao\/","title":{"rendered":"Nigeriano morre de fome em centro de deten\u00e7\u00e3o de imigrantes no Jap\u00e3o"},"content":{"rendered":"<p><strong>A ag\u00eancia Nacional de Imigra\u00e7\u00e3o do Jap\u00e3o informou hoje que um cidad\u00e3o nigeriano morreu, em junho, de inani\u00e7\u00e3o num dos seus centros de deten\u00e7\u00e3o ap\u00f3s ter iniciado uma guerra de fome em protesto pela sua deten\u00e7\u00e3o prolongada.<\/strong><\/p>\n<p>A morte, ocorrida no centro de imigra\u00e7\u00e3o em Omura, regi\u00e3o de Nagasaki, \u00e9 a primeira deste tipo no Jap\u00e3o, onde as greves de fome s\u00e3o formas de protesto habitual entre os imigrantes detidos por largos per\u00edodos. A morte do homem, de 40 anos, foi conhecida atrav\u00e9s da divulga\u00e7\u00e3o de um relat\u00f3rio em que a ag\u00eancia dava conta de que o detido recusou comida e tratamento m\u00e9dico e que o centro n\u00e3o poderia trat\u00e1-lo ou aliment\u00e1-lo \u00e0 for\u00e7a.<\/p>\n<p><img src=\"https:\/\/cdn.japantimes.2xx.jp\/wp-content\/uploads\/2013\/01\/nn20120228i1a.jpg\" alt=\"Resultado de imagem para immigration detention japan\" \/><\/p>\n<p>Detalhes do relat\u00f3rio, divulgados pela ag\u00eancia de not\u00edcias Kyodo, aponta que a resposta do centro &#8220;n\u00e3o foi inapropriada&#8221;. O homem foi transferido para o centro de dete\u00e7\u00e3o em Omura depois de ter sa\u00eddo em liberdade condicional da pris\u00e3o, em novembro de 2015, onde se encontrava na sequ\u00eancia da condena\u00e7\u00e3o por v\u00e1rios delitos, incluindo roubo. De acordo com o mesmo relat\u00f3rio, o cidad\u00e3o nigeriano n\u00e3o podia ser libertado do centro pela gravidade e natureza reincidente dos seus crimes.<\/p>\n<p>Nos centros de deten\u00e7\u00e3o de imigrantes do Jap\u00e3o est\u00e3o retidas, entre outros, pessoas com vistos expirados e que receberam ordem de deporta\u00e7\u00e3o. Muitas destas pessoas residiram no pa\u00eds durante d\u00e9cadas e t\u00eam fam\u00edlia e descendentes nascidos no Jap\u00e3o, o que dificulta o regresso aos pa\u00edses de origem. O imigrante nigeriano falecido em Omura foi casado com uma cidad\u00e3 japonesa, da qual se divorciou, e recusou-se a abandonar o Jap\u00e3o por ter fam\u00edlia no pa\u00eds, ainda segundo o relat\u00f3rio.<\/p>\n<p><img src=\"https:\/\/photo-cdn.urdupoint.com\/media\/2018\/04\/_3\/730x425\/pic_1523948192.jpg\" alt=\"Resultado de imagem para immigration detention japan\" \/><\/p>\n<p>Os estrangeiros indocumentados s\u00e3o detidos em m\u00e9dia durante 2 a 3 anos, antes de serem libertados provisoriamente e detidos novamente se n\u00e3o abandonarem o pa\u00eds pelos seus pr\u00f3prios meios, condi\u00e7\u00f5es que t\u00eam sido condenadas repetidamente em v\u00e1rios relat\u00f3rios do Comit\u00e9 das Na\u00e7\u00f5es Unidas contra a Tortura. O recurso \u00e0 greve de fome \u00e9 frequente entre os detidos nestes centros, que s\u00e3o deixados por largos per\u00edodos em celas ex\u00edguas e sem janelas. Os detidos alegam igualmente ser v\u00edtimas de abusos, com v\u00e1rios casos registados de suic\u00eddio. At\u00e9 final de 2018, havia 1.300 pessoas detidas em instala\u00e7\u00f5es de deten\u00e7\u00e3o de imigrantes no Jap\u00e3o, das quais quase 700 estavam detidas h\u00e1 mais de seis meses.<\/p>\n","protected":false},"excerpt":{"rendered":"<p>A ag\u00eancia Nacional de Imigra\u00e7\u00e3o do Jap\u00e3o informou hoje que um cidad\u00e3o nigeriano morreu, em junho, de inani\u00e7\u00e3o num dos seus centros de deten\u00e7\u00e3o ap\u00f3s ter iniciado uma guerra de fome em protesto pela sua deten\u00e7\u00e3o prolongada. A morte, ocorrida no centro de imigra\u00e7\u00e3o em Omura, regi\u00e3o de Nagasaki, \u00e9 a primeira deste tipo no Jap\u00e3o, onde as greves de fome s\u00e3o formas de protesto habitual entre os imigrantes detidos por largos per\u00edodos. A morte do homem, de 40 anos, foi conhecida atrav\u00e9s da divulga\u00e7\u00e3o de um relat\u00f3rio em que a ag\u00eancia dava conta de que o detido recusou comida [&hellip;]<\/p>\n","protected":false},"author":1,"featured_media":41261,"comment_status":"open","ping_status":"open","sticky":false,"template":"","format":"standard","meta":{"_links_to":"","_links_to_target":""},"categories":[4,3,1],"tags":[],"views":1752,"_links":{"self":[{"href":"https:\/\/www.brazilianpress.com\/v1\/wp-json\/wp\/v2\/posts\/41260"}],"collection":[{"href":"https:\/\/www.brazilianpress.com\/v1\/wp-json\/wp\/v2\/posts"}],"about":[{"href":"https:\/\/www.brazilianpress.com\/v1\/wp-json\/wp\/v2\/types\/post"}],"author":[{"embeddable":true,"href":"https:\/\/www.brazilianpress.com\/v1\/wp-json\/wp\/v2\/users\/1"}],"replies":[{"embeddable":true,"href":"https:\/\/www.brazilianpress.com\/v1\/wp-json\/wp\/v2\/comments?post=41260"}],"version-history":[{"count":1,"href":"https:\/\/www.brazilianpress.com\/v1\/wp-json\/wp\/v2\/posts\/41260\/revisions"}],"predecessor-version":[{"id":41262,"href":"https:\/\/www.brazilianpress.com\/v1\/wp-json\/wp\/v2\/posts\/41260\/revisions\/41262"}],"wp:featuredmedia":[{"embeddable":true,"href":"https:\/\/www.brazilianpress.com\/v1\/wp-json\/wp\/v2\/media\/41261"}],"wp:attachment":[{"href":"https:\/\/www.brazilianpress.com\/v1\/wp-json\/wp\/v2\/media?parent=41260"}],"wp:term":[{"taxonomy":"category","embeddable":true,"href":"https:\/\/www.brazilianpress.com\/v1\/wp-json\/wp\/v2\/categories?post=41260"},{"taxonomy":"post_tag","embeddable":true,"href":"https:\/\/www.brazilianpress.com\/v1\/wp-json\/wp\/v2\/tags?post=41260"}],"curies":[{"name":"wp","href":"https:\/\/api.w.org\/{rel}","templated":true}]}}