{"id":41282,"date":"2019-10-03T11:29:58","date_gmt":"2019-10-03T15:29:58","guid":{"rendered":"http:\/\/www.brazilianpress.com\/v1\/?p=41282"},"modified":"2019-10-03T11:29:58","modified_gmt":"2019-10-03T15:29:58","slug":"lea-campos-greta-thunberg","status":"publish","type":"post","link":"https:\/\/www.brazilianpress.com\/v1\/2019\/10\/03\/lea-campos-greta-thunberg\/","title":{"rendered":"L\u00e9a Campos: Greta Thunberg"},"content":{"rendered":"<p>Quem \u00e9 essa garota que est\u00e1 desafiando os poderosos para garantir que as futuras gera\u00e7\u00f5es tenham ar para respirar?<br \/>\nUma ativista de 16 anos, onde a \u00fanica coisa que faz \u00e9 defender o clima, enquanto os governantes e os magnatas insistem em ignorar o que est\u00e1 ocorrendo no mundo.<\/p>\n<p>Inc\u00eandios em toda parte que o homem n\u00e3o consegue apagar, geleiras glaciais derretendo e a escassez da \u00e1gua, s\u00e3o apenas algumas consequ\u00eancias do que ocorre com o clima e num futuro bem pr\u00f3ximo a falta de oxig\u00eanio provocado pelo desmatamento das florestas. Greta incomoda tanto o sistema estabelecido, que um poderoso presidente n\u00e3o se furtou o direito de fazer careta sem olhar seu pr\u00f3prio umbigo. Greta falou na ONU para o mundo ouvir, n\u00e3o tremeu e n\u00e3o teve medo de caras feias. \u00c9 bom dizer que Greta sofre de S\u00edndrome de Asperger, integra o grupo do autismo, \u00e9 uma perturba\u00e7\u00e3o que afeta as capacidades de comunica\u00e7\u00e3o e relacionamento com terceiros, al\u00e9m de se interessar por temas espec\u00edficos. A vida de Greta tem curiosidades que merecem ser colocadas.<\/p>\n<p>Por exemplo, ela n\u00e3o viaja de avi\u00e3o para evitar a emiss\u00e3o de gazes contaminantes dos combust\u00edveis, inclusive declinou receber um pr\u00eamio porque teria que ir de avi\u00e3o para Estocolmo, Apesar da S\u00edndrome, Greta conseguiu seu intento ao discursar na ONU em 2019, e incomodar a muitos. Para chegar a New York para participar da reuni\u00e3o sobre a A\u00e7\u00e3o Clim\u00e1tica, celebrada na ONU dia 23 de setembro, Greta viajou em um veleiro saindo da Su\u00e9cia dia 14 de agosto, para fazer a travessia do Oceano Atl\u00e2ntico, acompanhada pelo propriet\u00e1rio do veleiro &#8220;Malizia II&#8221;, sr. Pierre Casiragh, Boris Herman no comando do tim\u00e3o, alternando com Pierre, seu pai Svante Thunberg e o documentarista Tathan Grossman.<\/p>\n<p>Segundo a escritora de opini\u00e3o, Tiana Lowe, (The Washington Examines) os pais de Greta a est\u00e3o prostituindo (?), &#8221; n\u00e3o levam em conta supostos problemas mentais de Greta e sua irm\u00e3 que fizeram delas incapacitadas&#8221;. Imaginem se ela n\u00e3o tivesse problema nenhum. Esta \u00e9 uma menina de 16 anos, que est\u00e1 preocupada com a situa\u00e7\u00e3o clim\u00e1tica, e detentora de v\u00e1rios pr\u00eamios (alguns em dinheiro) e est\u00e1 indicada para o Nobel da Paz de 2019, creio que ela \u00e9 merecedora. O que a impulsionou a enveredar pela defesa do clima foram a onda de calor e os inc\u00eandios na Su\u00e9cia. Muitos a chamam de rebelde, talvez tenham raz\u00e3o, mas \u00e9 uma rebelde com causa.<\/p>\n<p>Na plen\u00e1ria realizada em dezembro de 2018 na ONU ela asseverou: \u201cvoc\u00ea s\u00f3 fala de crescimento econ\u00f4mico, voc\u00ea tem muito medo de ser impopular, voc\u00ea s\u00f3 fala em seguir em frente com as mesmas ideias ruins que nos metem nessa confus\u00e3o, mesmo quando a \u00fanica coisa sensata a fazer seja puxar o freio de emerg\u00eancia, voc\u00ea n\u00e3o \u00e9 maduro suficiente, mesmo sabendo o fardo pesado que deixa para n\u00f3s, filhos. Estaremos atentos para ver o resultado do Nobel dias 22, 23 e 24 de outubro. \u00c9 muito dif\u00edcil ser escutada quando o tema incomoda aos interesses financeiros de muitos. A maioria dos mandat\u00e1rios n\u00e3o se preocupa com o bem estar do povo, achando que a parte deles est\u00e1 garantida, mas n\u00e3o \u00e9 bem assim, todos temos a mesma constitui\u00e7\u00e3o, respiramos oxig\u00eanio 24 horas por dia, logo n\u00e3o s\u00e3o imortais. A hora de todos chegar\u00e1 e quando n\u00e3o conseguirem respirar, nem comer, ainda que sejam bilion\u00e1rios, se arrepender\u00e3o de tudo que omitiram.<\/p>\n","protected":false},"excerpt":{"rendered":"<p>Quem \u00e9 essa garota que est\u00e1 desafiando os poderosos para garantir que as futuras gera\u00e7\u00f5es tenham ar para respirar? Uma ativista de 16 anos, onde a \u00fanica coisa que faz \u00e9 defender o clima, enquanto os governantes e os magnatas insistem em ignorar o que est\u00e1 ocorrendo no mundo. Inc\u00eandios em toda parte que o homem n\u00e3o consegue apagar, geleiras glaciais derretendo e a escassez da \u00e1gua, s\u00e3o apenas algumas consequ\u00eancias do que ocorre com o clima e num futuro bem pr\u00f3ximo a falta de oxig\u00eanio provocado pelo desmatamento das florestas. Greta incomoda tanto o sistema estabelecido, que um poderoso [&hellip;]<\/p>\n","protected":false},"author":1,"featured_media":41283,"comment_status":"open","ping_status":"open","sticky":false,"template":"","format":"standard","meta":{"_links_to":"","_links_to_target":""},"categories":[15,1],"tags":[],"views":3369,"_links":{"self":[{"href":"https:\/\/www.brazilianpress.com\/v1\/wp-json\/wp\/v2\/posts\/41282"}],"collection":[{"href":"https:\/\/www.brazilianpress.com\/v1\/wp-json\/wp\/v2\/posts"}],"about":[{"href":"https:\/\/www.brazilianpress.com\/v1\/wp-json\/wp\/v2\/types\/post"}],"author":[{"embeddable":true,"href":"https:\/\/www.brazilianpress.com\/v1\/wp-json\/wp\/v2\/users\/1"}],"replies":[{"embeddable":true,"href":"https:\/\/www.brazilianpress.com\/v1\/wp-json\/wp\/v2\/comments?post=41282"}],"version-history":[{"count":1,"href":"https:\/\/www.brazilianpress.com\/v1\/wp-json\/wp\/v2\/posts\/41282\/revisions"}],"predecessor-version":[{"id":41284,"href":"https:\/\/www.brazilianpress.com\/v1\/wp-json\/wp\/v2\/posts\/41282\/revisions\/41284"}],"wp:featuredmedia":[{"embeddable":true,"href":"https:\/\/www.brazilianpress.com\/v1\/wp-json\/wp\/v2\/media\/41283"}],"wp:attachment":[{"href":"https:\/\/www.brazilianpress.com\/v1\/wp-json\/wp\/v2\/media?parent=41282"}],"wp:term":[{"taxonomy":"category","embeddable":true,"href":"https:\/\/www.brazilianpress.com\/v1\/wp-json\/wp\/v2\/categories?post=41282"},{"taxonomy":"post_tag","embeddable":true,"href":"https:\/\/www.brazilianpress.com\/v1\/wp-json\/wp\/v2\/tags?post=41282"}],"curies":[{"name":"wp","href":"https:\/\/api.w.org\/{rel}","templated":true}]}}