{"id":41297,"date":"2019-10-03T11:43:27","date_gmt":"2019-10-03T15:43:27","guid":{"rendered":"http:\/\/www.brazilianpress.com\/v1\/?p=41297"},"modified":"2019-10-03T11:43:49","modified_gmt":"2019-10-03T15:43:49","slug":"internet-das-coisas-saiba-como-isso-pode-afetar-a-sua-vida","status":"publish","type":"post","link":"https:\/\/www.brazilianpress.com\/v1\/2019\/10\/03\/internet-das-coisas-saiba-como-isso-pode-afetar-a-sua-vida\/","title":{"rendered":"Internet das Coisas: saiba como isso pode afetar a sua vida"},"content":{"rendered":"<p>Internet das Coisas. Embora mais conhecido entre t\u00e9cnicos, empresas e pesquisadores, o termo vem ganhando visibilidade na sociedade. As coisas, neste caso, s\u00e3o todo tipo de equipamento que pode ser conectado de distintas formas, de um caminh\u00e3o para acompanhamento do deslocamento de frotas de transporte de produtos a microssensores que monitoram o estado de pacientes \u00e0 dist\u00e2ncia em hospitais ou fora deles.<\/p>\n<p>Na Internet das Coisas (IdC) &#8211; tamb\u00e9m tratada pela sigla em ingl\u00eas IoT (Internet of Things) &#8211; novas aplica\u00e7\u00f5es permitem o uso coordenado e inteligente de aparelhos para controlar diversas atividades, do monitoramento com c\u00e2meras e sensores at\u00e9 a gest\u00e3o de espa\u00e7os e de processos produtivos. As regras para este ambiente tratam tanto da conex\u00e3o como da coleta e processamento inteligente de dados.<\/p>\n<p>O ecossistema da IdC envolve diferentes agentes e processos, como m\u00f3dulos inteligentes (processadores, mem\u00f3rias), objetos inteligentes (eletrodom\u00e9sticos, carros, equipamentos de automa\u00e7\u00e3o em f\u00e1bricas), servi\u00e7os de conectividade (presta\u00e7\u00e3o do acesso \u00e0 Internet ou redes privadas que conectam esses dispositivos), habilitadores (sistemas de controle, coleta e processamento dos dados e comandos envolvendo os objetos), integradores (sistemas que combinam aplica\u00e7\u00f5es, processos e dispositivos) e provedores dos servi\u00e7os de IdC.<\/p>\n<p>Segundo o economista do setor de tecnologias da informa\u00e7\u00e3o do Banco Nacional de Desenvolvimento Econ\u00f4mico e Social (BNDES), Eduardo Kaplan, a IdC poderia ser entendida como uma \u201cconverg\u00eancia\u201d de tecnologias j\u00e1 existentes, mas gerando o que o especialista chama de um salto qualitativo.<\/p>\n<p>\u201cA IdC traz mudan\u00e7as tanto no desenvolvimento de uma conectividade mais pervasiva quanto no aumento do processamento dos dados e barateamento e refinamento dos sensores que permitem a coleta de dados em diversos ambientes e com diferentes atuadores. Tudo isso associado a alguma solu\u00e7\u00e3o pr\u00e1tica, algum uso que permite aumento de efici\u00eancia, redu\u00e7\u00e3o de interven\u00e7\u00e3o humana, novos produtos ou novos modelos de neg\u00f3cios\u201d, explica.<\/p>\n<p>O presidente da Associa\u00e7\u00e3o Brasileira de Internet das Coisas (Abinc), Fl\u00e1vio Maeda, pontua que a IdC n\u00e3o \u00e9 uma tecnologia nova, mas um novo sistema de solu\u00e7\u00f5es t\u00e9cnicas. \u201cA gente est\u00e1 tratando o tema em geral como se fosse uma continua\u00e7\u00e3o da revolu\u00e7\u00e3o da internet, a Internet 4.0. As coisas v\u00e3o ficar conectadas e isso tem grandes implica\u00e7\u00f5es\u201d, assinala.<\/p>\n<p>O diretor de inova\u00e7\u00e3o do centro especializado em tecnologia CPQD, Paulo Curado, destaca que uma das diferen\u00e7as desse novo ecossistema \u00e9 a capacidade de conectar m\u00e1quinas que passam a se comunicarem e, com isso, gerar uma forma mais complexa de monitoramento, coleta e an\u00e1lise de informa\u00e7\u00f5es e tomada de decis\u00f5es a partir destas, inclusive de maneira automatizada.<\/p>\n<p>\u201cIdC \u00e9 quando voc\u00ea pega sua agenda e coloca compromisso. E a\u00ed eu pego meu rel\u00f3gio conectado, estou dentro do Waze. Se ocorrer um acidente, o Waze vai me acionar pois preciso acordar mais cedo. Isso sem a interfer\u00eancia de ningu\u00e9m. Quando as coisas come\u00e7am a conversar, conectadas \u00e0 internet, a gente fala em Internet das coisas. Isso muda bastante\u201d, exemplifica.<\/p>\n<p>\u201cQual \u00e9 a grande diferen\u00e7a do conceito de Internet das Coisas? Quando tem diversas solu\u00e7\u00f5es envolvendo a comunica\u00e7\u00e3o m\u00e1quina a m\u00e1quina. Quando h\u00e1 solu\u00e7\u00f5es integradas numa rede \u00fanica, onde publicam informa\u00e7\u00f5es delas e consomem de outras, a\u00ed estamos falando de IdC\u201d, acrescenta o coordenador de projetos de cidades inteligentes do Instituto Nacional de Telecomunica\u00e7\u00f5es (Inatel), Fred Trindade.<\/p>\n<p>Com informa\u00e7\u00f5es da Ag\u00eancia Brasil<\/p>\n","protected":false},"excerpt":{"rendered":"<p>Internet das Coisas. Embora mais conhecido entre t\u00e9cnicos, empresas e pesquisadores, o termo vem ganhando visibilidade na sociedade. As coisas, neste caso, s\u00e3o todo tipo de equipamento que pode ser conectado de distintas formas, de um caminh\u00e3o para acompanhamento do deslocamento de frotas de transporte de produtos a microssensores que monitoram o estado de pacientes \u00e0 dist\u00e2ncia em hospitais ou fora deles. Na Internet das Coisas (IdC) &#8211; tamb\u00e9m tratada pela sigla em ingl\u00eas IoT (Internet of Things) &#8211; novas aplica\u00e7\u00f5es permitem o uso coordenado e inteligente de aparelhos para controlar diversas atividades, do monitoramento com c\u00e2meras e sensores at\u00e9 [&hellip;]<\/p>\n","protected":false},"author":1,"featured_media":41298,"comment_status":"open","ping_status":"open","sticky":false,"template":"","format":"standard","meta":{"_links_to":"","_links_to_target":""},"categories":[3,1,10],"tags":[],"views":1642,"_links":{"self":[{"href":"https:\/\/www.brazilianpress.com\/v1\/wp-json\/wp\/v2\/posts\/41297"}],"collection":[{"href":"https:\/\/www.brazilianpress.com\/v1\/wp-json\/wp\/v2\/posts"}],"about":[{"href":"https:\/\/www.brazilianpress.com\/v1\/wp-json\/wp\/v2\/types\/post"}],"author":[{"embeddable":true,"href":"https:\/\/www.brazilianpress.com\/v1\/wp-json\/wp\/v2\/users\/1"}],"replies":[{"embeddable":true,"href":"https:\/\/www.brazilianpress.com\/v1\/wp-json\/wp\/v2\/comments?post=41297"}],"version-history":[{"count":1,"href":"https:\/\/www.brazilianpress.com\/v1\/wp-json\/wp\/v2\/posts\/41297\/revisions"}],"predecessor-version":[{"id":41299,"href":"https:\/\/www.brazilianpress.com\/v1\/wp-json\/wp\/v2\/posts\/41297\/revisions\/41299"}],"wp:featuredmedia":[{"embeddable":true,"href":"https:\/\/www.brazilianpress.com\/v1\/wp-json\/wp\/v2\/media\/41298"}],"wp:attachment":[{"href":"https:\/\/www.brazilianpress.com\/v1\/wp-json\/wp\/v2\/media?parent=41297"}],"wp:term":[{"taxonomy":"category","embeddable":true,"href":"https:\/\/www.brazilianpress.com\/v1\/wp-json\/wp\/v2\/categories?post=41297"},{"taxonomy":"post_tag","embeddable":true,"href":"https:\/\/www.brazilianpress.com\/v1\/wp-json\/wp\/v2\/tags?post=41297"}],"curies":[{"name":"wp","href":"https:\/\/api.w.org\/{rel}","templated":true}]}}