{"id":41309,"date":"2019-10-03T11:59:19","date_gmt":"2019-10-03T15:59:19","guid":{"rendered":"http:\/\/www.brazilianpress.com\/v1\/?p=41309"},"modified":"2019-10-03T12:00:01","modified_gmt":"2019-10-03T16:00:01","slug":"the-new-york-times-faz-denuncia-trump-propos-que-guardas-atirasse-nas-pernas-de-imigrantes","status":"publish","type":"post","link":"https:\/\/www.brazilianpress.com\/v1\/2019\/10\/03\/the-new-york-times-faz-denuncia-trump-propos-que-guardas-atirasse-nas-pernas-de-imigrantes\/","title":{"rendered":"The New York Times faz den\u00fancia: Trump prop\u00f4s que guardas atirasse nas pernas de imigrantes"},"content":{"rendered":"<p>O presidente Donald Trump sugeriu, h\u00e1 alguns meses, atirar nas pernas dos imigrantes que cruzavam a fronteira com o M\u00e9xico irregularmente, de acordo com um artigo publicado ter\u00e7a-feira pelo The New York Times.<\/p>\n<p>O jornal, que citou uma d\u00fazia de funcion\u00e1rios da Casa Branca sob condi\u00e7\u00e3o de anonimato, falou que em mar\u00e7o e abril houve uma reestrutura\u00e7\u00e3o do Departamento de Seguran\u00e7a Interna, respons\u00e1vel pela pol\u00edtica de imigra\u00e7\u00e3o. Segundo este artigo, Trump, frustrado com o aumento do fluxo migrat\u00f3rio na fronteira com o M\u00e9xico e com o fracasso das estrat\u00e9gias at\u00e9 ent\u00e3o adotadas para det\u00ea-los, prop\u00f4s em particular uma s\u00e9rie de medidas heterodoxas. O presidente, por exemplo, prop\u00f4s complementar o muro na fronteira com um fosso cheio de \u00e1gua e cheio de jacar\u00e9s e cobras;\u00a0um projeto para o qual ele at\u00e9 pediu uma cota\u00e7\u00e3o de seus consultores, de acordo com o The New York Times.<\/p>\n<p><img loading=\"lazy\" class=\"alignnone size-full wp-image-40115\" src=\"http:\/\/www.brazilianpress.com\/v1\/wp-content\/uploads\/2019\/07\/trump-2.jpg\" alt=\"\" width=\"976\" height=\"549\" srcset=\"https:\/\/www.brazilianpress.com\/v1\/wp-content\/uploads\/2019\/07\/trump-2.jpg 976w, https:\/\/www.brazilianpress.com\/v1\/wp-content\/uploads\/2019\/07\/trump-2-300x169.jpg 300w, https:\/\/www.brazilianpress.com\/v1\/wp-content\/uploads\/2019\/07\/trump-2-768x432.jpg 768w\" sizes=\"(max-width: 976px) 100vw, 976px\" \/><\/p>\n<p>Nesse contexto, Trump tamb\u00e9m queria eletrificar a barreira da fronteira ou instalar setas que pudessem perfurar o corpo humano. Foi quando o presidente prop\u00f4s atirar nas pernas dos imigrantes para que eles n\u00e3o pudessem avan\u00e7ar. Trump j\u00e1 disse em novembro de 2018 que os militares destacados na fronteira estavam autorizados a abrir fogo se fossem atacados por imigrantes que estavam participando de uma caravana de Honduras. Desta vez, por\u00e9m, o presidente foi mais longe, sugerindo que eles fossem fuzilados simplesmente cruzando a fronteira sem documentos. Segundo fontes consultadas pelo The New York Times, em ambos os casos, os assessores tiveram que esclarecer a Trump que n\u00e3o era permitido atirar nos migrantes. Sua ideia inicial era fechar completamente a fronteira, mas seus conselheiros o convenceram ap\u00f3s dias de reuni\u00f5es que isso era invi\u00e1vel.<\/p>\n","protected":false},"excerpt":{"rendered":"<p>O presidente Donald Trump sugeriu, h\u00e1 alguns meses, atirar nas pernas dos imigrantes que cruzavam a fronteira com o M\u00e9xico irregularmente, de acordo com um artigo publicado ter\u00e7a-feira pelo The New York Times. O jornal, que citou uma d\u00fazia de funcion\u00e1rios da Casa Branca sob condi\u00e7\u00e3o de anonimato, falou que em mar\u00e7o e abril houve uma reestrutura\u00e7\u00e3o do Departamento de Seguran\u00e7a Interna, respons\u00e1vel pela pol\u00edtica de imigra\u00e7\u00e3o. Segundo este artigo, Trump, frustrado com o aumento do fluxo migrat\u00f3rio na fronteira com o M\u00e9xico e com o fracasso das estrat\u00e9gias at\u00e9 ent\u00e3o adotadas para det\u00ea-los, prop\u00f4s em particular uma s\u00e9rie de [&hellip;]<\/p>\n","protected":false},"author":1,"featured_media":38742,"comment_status":"open","ping_status":"open","sticky":false,"template":"","format":"standard","meta":{"_links_to":"","_links_to_target":""},"categories":[3,1,10],"tags":[],"views":1800,"_links":{"self":[{"href":"https:\/\/www.brazilianpress.com\/v1\/wp-json\/wp\/v2\/posts\/41309"}],"collection":[{"href":"https:\/\/www.brazilianpress.com\/v1\/wp-json\/wp\/v2\/posts"}],"about":[{"href":"https:\/\/www.brazilianpress.com\/v1\/wp-json\/wp\/v2\/types\/post"}],"author":[{"embeddable":true,"href":"https:\/\/www.brazilianpress.com\/v1\/wp-json\/wp\/v2\/users\/1"}],"replies":[{"embeddable":true,"href":"https:\/\/www.brazilianpress.com\/v1\/wp-json\/wp\/v2\/comments?post=41309"}],"version-history":[{"count":1,"href":"https:\/\/www.brazilianpress.com\/v1\/wp-json\/wp\/v2\/posts\/41309\/revisions"}],"predecessor-version":[{"id":41310,"href":"https:\/\/www.brazilianpress.com\/v1\/wp-json\/wp\/v2\/posts\/41309\/revisions\/41310"}],"wp:featuredmedia":[{"embeddable":true,"href":"https:\/\/www.brazilianpress.com\/v1\/wp-json\/wp\/v2\/media\/38742"}],"wp:attachment":[{"href":"https:\/\/www.brazilianpress.com\/v1\/wp-json\/wp\/v2\/media?parent=41309"}],"wp:term":[{"taxonomy":"category","embeddable":true,"href":"https:\/\/www.brazilianpress.com\/v1\/wp-json\/wp\/v2\/categories?post=41309"},{"taxonomy":"post_tag","embeddable":true,"href":"https:\/\/www.brazilianpress.com\/v1\/wp-json\/wp\/v2\/tags?post=41309"}],"curies":[{"name":"wp","href":"https:\/\/api.w.org\/{rel}","templated":true}]}}