{"id":41314,"date":"2019-10-03T18:17:45","date_gmt":"2019-10-03T22:17:45","guid":{"rendered":"http:\/\/www.brazilianpress.com\/v1\/?p=41314"},"modified":"2019-10-03T18:17:45","modified_gmt":"2019-10-03T22:17:45","slug":"jair-victor-martinez-blanco-chara-veja-a-situacao-atualizada-dos-machucados-do-atletico-mg","status":"publish","type":"post","link":"https:\/\/www.brazilianpress.com\/v1\/2019\/10\/03\/jair-victor-martinez-blanco-chara-veja-a-situacao-atualizada-dos-machucados-do-atletico-mg\/","title":{"rendered":"Jair, Victor, Mart\u00ednez, Blanco, Char\u00e1&#8230; Veja a situa\u00e7\u00e3o atualizada dos machucados do Atl\u00e9tico-MG"},"content":{"rendered":"<p>Quando o Jair volta? Qual a real situa\u00e7\u00e3o do Victor? Blanco s\u00f3 ano que vem? S\u00e3o algumas das perguntas mais frequentes dos torcedores do Atl\u00e9tico-MG. O GloboEsporte.com foi atr\u00e1s das respostas e traz a situa\u00e7\u00e3o atualizada de cada um dos jogadores machucados do Galo. Hoje, o DM trabalha com sete atletas.<\/p>\n<p>\u00b7 Victor: \u00e9 a situa\u00e7\u00e3o mais complexa e imprevis\u00edvel, especialmente no que diz respeito a prazo de recupera\u00e7\u00e3o. Para esclarecer, a reportagem pediu a palavra de Rodrigo Lasmar, diretor m\u00e9dico do Galo.<\/p>\n<p>&#8211; O Victor tem um processo inflamat\u00f3rio no joelho esquerdo e est\u00e1 em tratamento na fisioterapia. Este joelho j\u00e1 foi operado no in\u00edcio da sua carreira e vem sendo acompanhado por n\u00f3s h\u00e1 alguns anos. Ele tem altera\u00e7\u00f5es antigas nesse joelho e, at\u00e9 ent\u00e3o, consegu\u00edamos controlar bem suas queixas, mas agora apresentou piora do quadro, relatando dor, e precisou parar. Estamos observando sua resposta ao tratamento e usando todas as alternativas para a sua recupera\u00e7\u00e3o. N\u00e3o temos previs\u00e3o de retorno, tudo depende da sua evolu\u00e7\u00e3o.<\/p>\n<p>\u00b7 Uilson: sofreu les\u00f5es graves e sequenciais no joelho direito &#8211; problemas de ligamento e cartilagem. Precisou operar mais de uma vez. Retorno previsto para 2020.<\/p>\n<p>\u00b7 Michael: sofreu uma luxa\u00e7\u00e3o no ombro esquerdo e precisou passar por cirurgia. Tamb\u00e9m n\u00e3o joga nesta temporada. Retorno previsto para 2020.<\/p>\n<p>\u00b7 Gustavo Blanco: segue em recupera\u00e7\u00e3o ap\u00f3s ruptura do ligamento cruzado anterior do joelho esquerdo, mesma les\u00e3o que sofreu em 2018. Pela gravidade e recorr\u00eancia, n\u00e3o volta neste ano. Retorno previsto para o in\u00edcio de 2020.<\/p>\n<p>\u00b7 Jair: tem uma les\u00e3o muscular (estiramento) no b\u00edceps femoral da coxa direita. O clube n\u00e3o divulga a intensidade da les\u00e3o. No m\u00ednimo mais 15 dias fora.<\/p>\n<p>Char\u00e1: tem uma les\u00e3o muscular (estiramento) no reto femoral da coxa direita. O clube n\u00e3o divulga a intensidade da les\u00e3o. No m\u00ednimo mais 15 dias fora.<br \/>\nRam\u00f3n Mart\u00ednez: foi operado para tratar fratura no nariz. Deve retomar treinos f\u00edsicos na pr\u00f3xima semana e, na sequ\u00eancia, voltar a ser op\u00e7\u00e3o.<br \/>\nBruninho: sofreu uma entorse leve no tornozelo direito no treino da \u00faltima segunda-feira. Ao que tudo indica, volta a ser op\u00e7\u00e3o em poucos dias.<\/p>\n","protected":false},"excerpt":{"rendered":"<p>Quando o Jair volta? Qual a real situa\u00e7\u00e3o do Victor? Blanco s\u00f3 ano que vem? S\u00e3o algumas das perguntas mais frequentes dos torcedores do Atl\u00e9tico-MG. O GloboEsporte.com foi atr\u00e1s das respostas e traz a situa\u00e7\u00e3o atualizada de cada um dos jogadores machucados do Galo. Hoje, o DM trabalha com sete atletas. \u00b7 Victor: \u00e9 a situa\u00e7\u00e3o mais complexa e imprevis\u00edvel, especialmente no que diz respeito a prazo de recupera\u00e7\u00e3o. Para esclarecer, a reportagem pediu a palavra de Rodrigo Lasmar, diretor m\u00e9dico do Galo. &#8211; O Victor tem um processo inflamat\u00f3rio no joelho esquerdo e est\u00e1 em tratamento na fisioterapia. Este [&hellip;]<\/p>\n","protected":false},"author":1,"featured_media":41315,"comment_status":"open","ping_status":"open","sticky":false,"template":"","format":"standard","meta":{"_links_to":"","_links_to_target":""},"categories":[9,1],"tags":[],"views":1256,"_links":{"self":[{"href":"https:\/\/www.brazilianpress.com\/v1\/wp-json\/wp\/v2\/posts\/41314"}],"collection":[{"href":"https:\/\/www.brazilianpress.com\/v1\/wp-json\/wp\/v2\/posts"}],"about":[{"href":"https:\/\/www.brazilianpress.com\/v1\/wp-json\/wp\/v2\/types\/post"}],"author":[{"embeddable":true,"href":"https:\/\/www.brazilianpress.com\/v1\/wp-json\/wp\/v2\/users\/1"}],"replies":[{"embeddable":true,"href":"https:\/\/www.brazilianpress.com\/v1\/wp-json\/wp\/v2\/comments?post=41314"}],"version-history":[{"count":1,"href":"https:\/\/www.brazilianpress.com\/v1\/wp-json\/wp\/v2\/posts\/41314\/revisions"}],"predecessor-version":[{"id":41316,"href":"https:\/\/www.brazilianpress.com\/v1\/wp-json\/wp\/v2\/posts\/41314\/revisions\/41316"}],"wp:featuredmedia":[{"embeddable":true,"href":"https:\/\/www.brazilianpress.com\/v1\/wp-json\/wp\/v2\/media\/41315"}],"wp:attachment":[{"href":"https:\/\/www.brazilianpress.com\/v1\/wp-json\/wp\/v2\/media?parent=41314"}],"wp:term":[{"taxonomy":"category","embeddable":true,"href":"https:\/\/www.brazilianpress.com\/v1\/wp-json\/wp\/v2\/categories?post=41314"},{"taxonomy":"post_tag","embeddable":true,"href":"https:\/\/www.brazilianpress.com\/v1\/wp-json\/wp\/v2\/tags?post=41314"}],"curies":[{"name":"wp","href":"https:\/\/api.w.org\/{rel}","templated":true}]}}