{"id":41323,"date":"2019-10-03T18:27:27","date_gmt":"2019-10-03T22:27:27","guid":{"rendered":"http:\/\/www.brazilianpress.com\/v1\/?p=41323"},"modified":"2019-10-03T18:27:27","modified_gmt":"2019-10-03T22:27:27","slug":"lider-indigena-yanomami-e-xama-davi-kopenawa-recebem-nobel-alternativo","status":"publish","type":"post","link":"https:\/\/www.brazilianpress.com\/v1\/2019\/10\/03\/lider-indigena-yanomami-e-xama-davi-kopenawa-recebem-nobel-alternativo\/","title":{"rendered":"L\u00edder ind\u00edgena Yanomami e xam\u00e3 Davi Kopenawa recebem Nobel Alternativo"},"content":{"rendered":"<p>Important\u00edssimo este reconhecimento, neste momento em que o mundo inteiro sabe da inten\u00e7\u00e3o de Bolsonaro em rela\u00e7\u00e3o aos povos ind\u00edgenas e suas terras depois de seu discurso na ONU. Mas n\u00e3o foi s\u00f3 o\u00a0l\u00edder ind\u00edgena e xam\u00e3 Davi Kopenawa\u00a0que ganhou o\u00a0Right Livelihood Award, pr\u00eamio da funda\u00e7\u00e3o que lhe d\u00e1 nome, conhecido tamb\u00e9m como\u00a0\u2018Nobel Alternativo\u2019.<\/p>\n<p>Outras tr\u00eas\u00a0ativistas\u00a0\u2013\u00a0a adolescente\u00a0Greta Thunberg\u00a0que mobilizou 4 milh\u00f5es\u00a0de pessoas pelo clima, no mundo, na semana passada, a defensora dos direitos humanos\u00a0Aminatou Haidar\u00a0e a advogada chinesa\u00a0Guo Jianmei\u00a0\u2013 tamb\u00e9m foram escolhidas. Durante muitos anos, o j\u00fari do Right Livelihood Award foi criticado por indicar mais homens do que mulheres para receber a honraria. Este ano, foi imposs\u00edvel n\u00e3o favorecer o universo feminino e o talento e a for\u00e7a de seu ativismo independem de g\u00eanero.<\/p>\n<p>Cada escolhido de 2019 vai receber 1 milh\u00e3o de coroas suecas como reconhecimento pelo trabalho que est\u00e3o realizando local ou globalmente, que geram impactos positivos importantes, e para apoiar seus pr\u00f3ximos passos.<\/p>\n<p>Em 4 de dezembro, em Estocolmo, na Su\u00e9cia, Kopenawa dividir\u00e1 a premia\u00e7\u00e3o com a\u00a0Hutukara Associa\u00e7\u00e3o Yanomami, cofundada e presidida por ele desde 2004 para divulgar sua cultura. A escolha se deve \u00e0 sua \u201ccorajosa determina\u00e7\u00e3o em\u00a0proteger as florestas e a biodiversidade da Amaz\u00f4nia, e as terras e a cultura de seus povos ind\u00edgenas\u201d.<\/p>\n<p>\u201cDavi Kopenawa, junto \u00e0 Hutukara, tem resistido exitosamente \u00e0 impiedosa\u00a0explora\u00e7\u00e3o de terras ind\u00edgenas na Amaz\u00f4nia, protegendo nossa\u00a0heran\u00e7a planet\u00e1ria comum\u201d, salientou Ole von Uexkull, diretor-executivo da\u00a0Right Livelihood Foundation\u00a0\u00e0 reportagem da BBC.<\/p>\n<p>Desde pequeno, Kopenawa conhece a realidade de seu povo e desde muito jovem se dedica a proteg\u00ea-lo. Quando nasceu, por volta de 1955 (n\u00e3o sabe ao certo), os Yanomami j\u00e1 haviam passado por contatos intensos com os brancos \u2013 entre 1950 e 1960 \u2013 que levou muitos ind\u00edgenas \u00e0 morte por causa de doen\u00e7as, inclusive seus pais.<\/p>\n<p>Por sua trajet\u00f3ria ao mesmo tempo guerreira e de paz, recebeu o apelido de\u00a0Dalai Lama da Floresta Tropical. Depois de quase dez anos de luta, em 1992, os Yanomami conquistaram o\u00a0reconhecimento de seu territ\u00f3rio\u00a0em Roraima com a\u00a0demarca\u00e7\u00e3o, o que, infelizmente, nunca impediu as\u00a0invas\u00f5es.<\/p>\n<p>Por tudo, em 1989, recebeu o pr\u00eamio ambiental\u00a0Global 500\u00a0da ONU, pela defesa de seu povo. S\u00f3 ele e Chico Mendes foram agraciados com essa premia\u00e7\u00e3o no Brasil.<\/p>\n<p>O j\u00fari do\u00a0Right Livelihood Award, composto por especialistas internacionais de \u00e1reas diversas levou em conta que o territ\u00f3rio defendido por Kopenawa \u00e9\u00a0uma das reservas mais importantes de diversidade gen\u00e9tica do planeta. A reserva tem sido pressionada pela\u00a0explora\u00e7\u00e3o de recursos\u00a0por meio de invas\u00f5es e de\u00a0muita viol\u00eancia, que j\u00e1 dizimaram 20% de sua popula\u00e7\u00e3o nas \u00faltimas duas d\u00e9cadas do s\u00e9culo passado.<\/p>\n","protected":false},"excerpt":{"rendered":"<p>Important\u00edssimo este reconhecimento, neste momento em que o mundo inteiro sabe da inten\u00e7\u00e3o de Bolsonaro em rela\u00e7\u00e3o aos povos ind\u00edgenas e suas terras depois de seu discurso na ONU. Mas n\u00e3o foi s\u00f3 o\u00a0l\u00edder ind\u00edgena e xam\u00e3 Davi Kopenawa\u00a0que ganhou o\u00a0Right Livelihood Award, pr\u00eamio da funda\u00e7\u00e3o que lhe d\u00e1 nome, conhecido tamb\u00e9m como\u00a0\u2018Nobel Alternativo\u2019. Outras tr\u00eas\u00a0ativistas\u00a0\u2013\u00a0a adolescente\u00a0Greta Thunberg\u00a0que mobilizou 4 milh\u00f5es\u00a0de pessoas pelo clima, no mundo, na semana passada, a defensora dos direitos humanos\u00a0Aminatou Haidar\u00a0e a advogada chinesa\u00a0Guo Jianmei\u00a0\u2013 tamb\u00e9m foram escolhidas. Durante muitos anos, o j\u00fari do Right Livelihood Award foi criticado por indicar mais homens do que mulheres [&hellip;]<\/p>\n","protected":false},"author":1,"featured_media":41324,"comment_status":"open","ping_status":"open","sticky":false,"template":"","format":"standard","meta":{"_links_to":"","_links_to_target":""},"categories":[8,1],"tags":[],"views":1340,"_links":{"self":[{"href":"https:\/\/www.brazilianpress.com\/v1\/wp-json\/wp\/v2\/posts\/41323"}],"collection":[{"href":"https:\/\/www.brazilianpress.com\/v1\/wp-json\/wp\/v2\/posts"}],"about":[{"href":"https:\/\/www.brazilianpress.com\/v1\/wp-json\/wp\/v2\/types\/post"}],"author":[{"embeddable":true,"href":"https:\/\/www.brazilianpress.com\/v1\/wp-json\/wp\/v2\/users\/1"}],"replies":[{"embeddable":true,"href":"https:\/\/www.brazilianpress.com\/v1\/wp-json\/wp\/v2\/comments?post=41323"}],"version-history":[{"count":1,"href":"https:\/\/www.brazilianpress.com\/v1\/wp-json\/wp\/v2\/posts\/41323\/revisions"}],"predecessor-version":[{"id":41325,"href":"https:\/\/www.brazilianpress.com\/v1\/wp-json\/wp\/v2\/posts\/41323\/revisions\/41325"}],"wp:featuredmedia":[{"embeddable":true,"href":"https:\/\/www.brazilianpress.com\/v1\/wp-json\/wp\/v2\/media\/41324"}],"wp:attachment":[{"href":"https:\/\/www.brazilianpress.com\/v1\/wp-json\/wp\/v2\/media?parent=41323"}],"wp:term":[{"taxonomy":"category","embeddable":true,"href":"https:\/\/www.brazilianpress.com\/v1\/wp-json\/wp\/v2\/categories?post=41323"},{"taxonomy":"post_tag","embeddable":true,"href":"https:\/\/www.brazilianpress.com\/v1\/wp-json\/wp\/v2\/tags?post=41323"}],"curies":[{"name":"wp","href":"https:\/\/api.w.org\/{rel}","templated":true}]}}