{"id":41771,"date":"2019-11-07T11:50:56","date_gmt":"2019-11-07T15:50:56","guid":{"rendered":"http:\/\/www.brazilianpress.com\/v1\/?p=41771"},"modified":"2019-11-07T11:50:56","modified_gmt":"2019-11-07T15:50:56","slug":"lea-campos-mudancas-no-mapa-brasileiro","status":"publish","type":"post","link":"https:\/\/www.brazilianpress.com\/v1\/2019\/11\/07\/lea-campos-mudancas-no-mapa-brasileiro\/","title":{"rendered":"L\u00e9a Campos: Mudan\u00e7as no Mapa Brasileiro"},"content":{"rendered":"<p>Em Minas perderemos 231 cidades, hoje temos 853 de acordo com o IBGE. Temos um estado grande. Minas Gerais \u00e9 um estado rico em todos os min\u00e9rios, n\u00e3o \u00e9 \u00e0 toa que se chama MInas Gerais. Bolsonaro, prop\u00f5e que cidades com menos de 5 mil habitantes e arrecada\u00e7\u00e3o inferior a 10% da receita total sejam fundidas aos munic\u00edpios vizinho, com esta medida Minas pode perder at\u00e9 231 dos 853 que possui hoje.<\/p>\n<p>Se o objetivo \u00e9 diminuir gastos e melhorar a vida dos habitantes que passar\u00e3o a ser bairros de outros munic\u00edpios, apoiamos, mas se for apenas mais uma picuinha contra os mineiros para diminuir o n\u00famero de cidades que comp\u00f5em o estado, nos veremos nas pr\u00f3ximas elei\u00e7\u00f5es. Algumas cidades, como Serra da Saudade, por exemplo, com apenas 781 habitantes sendo a menor popula\u00e7\u00e3o de uma cidade mineira, a &#8220;princesinha\u201d do Oeste de Minas, ser\u00e1 acoplada a outra cidade, mesmo sendo reconhecida nacionalmente por suas belezas naturais e suas montanhas que impressionam \u00e0 todos que chegam \u00e0 cidade.<\/p>\n<p>Cedro do Abaet\u00e9, apesar de seus 1.213 habitantes ter\u00e1 o mesmo fim, certamente far\u00e1 parte de Abaet\u00e9, os moradores do Cedro ter\u00e3o que ir a Abaet\u00e9 para qualquer tr\u00e2mite oficial, desde a certid\u00e3o de nascimento at\u00e9 a certid\u00e3o de \u00f3bito, j\u00e1 que como bairro no qual que ser\u00e1 transformada, os \u00f3rg\u00e3os oficiais ser\u00e3o fechados. Os que t\u00eam posses n\u00e3o ser\u00e3o muito afetados, mas e os que n\u00e3o t\u00eam a mesma sorte e n\u00e3o t\u00eam como pagar nem mesmo uma passagem de \u00f4nibus, como ficar\u00e3o? Ser\u00e3o 231 cidades que deixar\u00e3o de existir fisicamente como cidades e ser\u00e3o acopladas por cidades vizinhas e maiores. Minha opini\u00e3o \u00e9 que essa \u00e9 mais uma manobra pol\u00edtica do atual governo (federal), a inten\u00e7\u00e3o n\u00e3o \u00e9 favorecer a popula\u00e7\u00e3o e sim diminuir o envio de dinheiro para os Estados.<\/p>\n<p>N\u00e3o acredito que o dinheiro economizado ao diminuir o n\u00famero de cidades, todas com prefeituras e estrutura governamental pr\u00f3prias, ser\u00e1 enviado \u00e0s cidades que receberem as que sair\u00e3o do mapa. Tanta coisa importante e pendente para melhorar o pa\u00eds e a vida do brasileiro, e o governo preocupado com coisas de somenos import\u00e2ncia. Criaram outros estados, dividiram outros e quem saiu beneficiado? O povo continua igual sofrendo as mesmas amarguras impostas pelo governo. Tocantins n\u00e3o alterou em nada a vida dos que antes eram goianos, Mato Grosso e Mato Grosso do Sul, repete o mesmo de Tocantins, apenas criaram mais governos e mais &#8220;mamadores&#8221; nada mais. Os pol\u00edticos sempre s\u00e3o beneficiados em detrimento do povo, que quanto mais pobre melhor.<br \/>\nSomos e seremos massa de manobra, n\u00e3o adianta mudar as moscas se a merda continua sendo a mesma.<\/p>\n<p>Minas Gerais n\u00e3o se pronunciou sobre essa decis\u00e3o governamental, e nem vai se pronunciar, pois o governador mineiro \u00e9 um inepto. S\u00e3o 231 cidades que ser\u00e3o &#8220;assassinadas&#8221;, evidentemente que a arrecada\u00e7\u00e3o ir\u00e1 diminuir, e o governo mineiro fica caladinho. Essa PEC (Proposta de Emenda Constitucional) faz parte da proposta do Pacto Federativo que foi enviado ao Senado pelo governo Federal. Segundo Walderly Rodrigues, secret\u00e1rio especial da Fazenda, se aprovada, a PEC, dita medida entraria em vigor a partir de 2025, que precisar\u00e1 de uma lei complementar para saber qual cidade vizinha receber\u00e1 a prefeitura deficit\u00e1ria. Ao longo do pa\u00eds ser\u00e3o 1254 cidades. Durante a reuni\u00e3o que foi realizada no gabinete da presid\u00eancia do Senado, o presidente do Brasil, disse que ap\u00f3s a reforma, os recursos &#8220;dever\u00e3o&#8221; chegar onde o povo est\u00e1, para pol\u00edticas p\u00fablicas em sa\u00fade, educa\u00e7\u00e3o, saneamento e seguran\u00e7a. POR SER DEVOTA DE S\u00c3O BENEDITO, S\u00d3 VENDO ACREDITO.<\/p>\n","protected":false},"excerpt":{"rendered":"<p>Em Minas perderemos 231 cidades, hoje temos 853 de acordo com o IBGE. Temos um estado grande. Minas Gerais \u00e9 um estado rico em todos os min\u00e9rios, n\u00e3o \u00e9 \u00e0 toa que se chama MInas Gerais. Bolsonaro, prop\u00f5e que cidades com menos de 5 mil habitantes e arrecada\u00e7\u00e3o inferior a 10% da receita total sejam fundidas aos munic\u00edpios vizinho, com esta medida Minas pode perder at\u00e9 231 dos 853 que possui hoje. Se o objetivo \u00e9 diminuir gastos e melhorar a vida dos habitantes que passar\u00e3o a ser bairros de outros munic\u00edpios, apoiamos, mas se for apenas mais uma picuinha [&hellip;]<\/p>\n","protected":false},"author":1,"featured_media":40320,"comment_status":"open","ping_status":"open","sticky":false,"template":"","format":"standard","meta":{"_links_to":"","_links_to_target":""},"categories":[15,1],"tags":[],"views":3754,"_links":{"self":[{"href":"https:\/\/www.brazilianpress.com\/v1\/wp-json\/wp\/v2\/posts\/41771"}],"collection":[{"href":"https:\/\/www.brazilianpress.com\/v1\/wp-json\/wp\/v2\/posts"}],"about":[{"href":"https:\/\/www.brazilianpress.com\/v1\/wp-json\/wp\/v2\/types\/post"}],"author":[{"embeddable":true,"href":"https:\/\/www.brazilianpress.com\/v1\/wp-json\/wp\/v2\/users\/1"}],"replies":[{"embeddable":true,"href":"https:\/\/www.brazilianpress.com\/v1\/wp-json\/wp\/v2\/comments?post=41771"}],"version-history":[{"count":1,"href":"https:\/\/www.brazilianpress.com\/v1\/wp-json\/wp\/v2\/posts\/41771\/revisions"}],"predecessor-version":[{"id":41772,"href":"https:\/\/www.brazilianpress.com\/v1\/wp-json\/wp\/v2\/posts\/41771\/revisions\/41772"}],"wp:featuredmedia":[{"embeddable":true,"href":"https:\/\/www.brazilianpress.com\/v1\/wp-json\/wp\/v2\/media\/40320"}],"wp:attachment":[{"href":"https:\/\/www.brazilianpress.com\/v1\/wp-json\/wp\/v2\/media?parent=41771"}],"wp:term":[{"taxonomy":"category","embeddable":true,"href":"https:\/\/www.brazilianpress.com\/v1\/wp-json\/wp\/v2\/categories?post=41771"},{"taxonomy":"post_tag","embeddable":true,"href":"https:\/\/www.brazilianpress.com\/v1\/wp-json\/wp\/v2\/tags?post=41771"}],"curies":[{"name":"wp","href":"https:\/\/api.w.org\/{rel}","templated":true}]}}