{"id":41779,"date":"2019-11-07T12:01:08","date_gmt":"2019-11-07T16:01:08","guid":{"rendered":"http:\/\/www.brazilianpress.com\/v1\/?p=41779"},"modified":"2019-11-07T12:01:08","modified_gmt":"2019-11-07T16:01:08","slug":"agenda-cultural-071119-by-roger-costa","status":"publish","type":"post","link":"https:\/\/www.brazilianpress.com\/v1\/2019\/11\/07\/agenda-cultural-071119-by-roger-costa\/","title":{"rendered":"Agenda Cultural 07\/11\/19, by Roger Costa"},"content":{"rendered":"<p><strong><img loading=\"lazy\" class=\"alignnone size-full wp-image-41780\" src=\"http:\/\/www.brazilianpress.com\/v1\/wp-content\/uploads\/2019\/11\/Semana-da-Cultura-Latina-em-New-York-promove-eventos-musicai.jpg\" alt=\"\" width=\"640\" height=\"989\" srcset=\"https:\/\/www.brazilianpress.com\/v1\/wp-content\/uploads\/2019\/11\/Semana-da-Cultura-Latina-em-New-York-promove-eventos-musicai.jpg 640w, https:\/\/www.brazilianpress.com\/v1\/wp-content\/uploads\/2019\/11\/Semana-da-Cultura-Latina-em-New-York-promove-eventos-musicai-194x300.jpg 194w\" sizes=\"(max-width: 640px) 100vw, 640px\" \/><br \/>\n*Semana da Cultura Latina em New York promove eventos musicais&gt; <\/strong><strong>De 9 a 18 de novembro acontece o Latin American Cultural Week no Greenwich House Music School, Renee Weiler Concert Hall, 46 Barrow Street, abrigando espet\u00e1culos musicais de talentos emergentes vindos de v\u00e1rias partes da Am\u00e9rica Latina. Na programa\u00e7\u00e3o, Afro-Venezuela Viva liderado pelo compositor e pianista premiado com o Grammy Baden Goyo; Recital com interpreta\u00e7\u00f5es modernas de Eddy Marcano e Jorge Polance; Terra Nostra Ensemble e o grupo Harmonia del Parn\u00e0s. Ingressos $15. <em>INFO:\u00a0 <a href=\"https:\/\/www.greenwichhouse.org\/events\/category\/music-school\/\">https:\/\/www.greenwichhouse.org\/events\/category\/music-school\/<\/a><\/em><\/strong><\/p>\n<p><strong><img loading=\"lazy\" class=\"alignnone size-full wp-image-41783\" src=\"http:\/\/www.brazilianpress.com\/v1\/wp-content\/uploads\/2019\/11\/Icone-do-Blues-Buddy-Guy-estreia-Festival-de-Jazz-em-Newark.jpg\" alt=\"\" width=\"600\" height=\"309\" srcset=\"https:\/\/www.brazilianpress.com\/v1\/wp-content\/uploads\/2019\/11\/Icone-do-Blues-Buddy-Guy-estreia-Festival-de-Jazz-em-Newark.jpg 600w, https:\/\/www.brazilianpress.com\/v1\/wp-content\/uploads\/2019\/11\/Icone-do-Blues-Buddy-Guy-estreia-Festival-de-Jazz-em-Newark-300x155.jpg 300w\" sizes=\"(max-width: 600px) 100vw, 600px\" \/><br \/>\n\u00cdcone do Blues, Buddy Guy estreia Festival de Jazz em Newark&gt; <\/strong><strong>O celebrado festival James Moody Jazz Festival 2019, realizado pelo NJPAC (1 Center Street, Newark), ser\u00e1 inaugurado neste domingo, dia 10, \u00e0s 7h00 da noite, com o show do legend\u00e1rio artista de Blues, Buddy Guy e convidados. Integrante do Rock &amp; Roll Hall of Fame, vencedor do Grammy e outros pr\u00eamios de honra, o astro de 82 anos ser\u00e1 acompanhado de Mavis Staples, a rainha do soul-gospel-R&amp;B. O Festival prossegue at\u00e9 27 de novembro com grandes espet\u00e1culos musicais. Ingressos a apartir de $49. <em>INFO: <a href=\"https:\/\/www.njpac.org\/event\/buddy-guy-with-special-guest-mavis-staples\/\">https:\/\/www.njpac.org\/event\/buddy-guy-with-special-guest-mavis-staples\/<\/a><\/em> <\/strong><\/p>\n<p><strong><img loading=\"lazy\" class=\"alignnone size-full wp-image-41782\" src=\"http:\/\/www.brazilianpress.com\/v1\/wp-content\/uploads\/2019\/11\/Artistas-de-Seattle-estreiam-espetaculo-no-palco-do-The-Joyc.jpg\" alt=\"\" width=\"650\" height=\"975\" srcset=\"https:\/\/www.brazilianpress.com\/v1\/wp-content\/uploads\/2019\/11\/Artistas-de-Seattle-estreiam-espetaculo-no-palco-do-The-Joyc.jpg 650w, https:\/\/www.brazilianpress.com\/v1\/wp-content\/uploads\/2019\/11\/Artistas-de-Seattle-estreiam-espetaculo-no-palco-do-The-Joyc-200x300.jpg 200w\" sizes=\"(max-width: 650px) 100vw, 650px\" \/><br \/>\n*Artistas de Seattle estreiam espet\u00e1culo no palco do The Joyce&gt; <\/strong><strong>Combina\u00e7\u00e3o potente e realista da intimidade da dan\u00e7a contempor\u00e2nea de Kate Wallich, e a m\u00fasica penetrante de pop-rock do Perfume Genius, liderado pelo cantor\/compositor Mike Hadreas, o espet\u00e1culo The Sun Still Burns Here, estreia no palco do The Joyce Theater (175 8th Avenue), com performances de 13 a 17 de novembro. Ambos artistas v\u00eam de Seattle, onde surgiu a colabora\u00e7\u00e3o. Formado pela pr\u00f3pria Kate e outros integrantes, as dan\u00e7as exploram temas de resist\u00eancia corporal e f\u00edsica atrav\u00e9s de movimentos desinibidos, et\u00e9reas e espiritualistas. Ingressos a partir de $10. <em>INFO: <a href=\"http:\/\/joyce.org\/performances\/kate-wallich-yc-x-perfume-genius\">http:\/\/joyce.org\/performances\/kate-wallich-yc-x-perfume-genius<\/a> <\/em><\/strong><\/p>\n<p><strong><img loading=\"lazy\" class=\"alignnone size-full wp-image-41781\" src=\"http:\/\/www.brazilianpress.com\/v1\/wp-content\/uploads\/2019\/11\/Aclamada-cineasta-brasileira-apresenta-documentario-em-New-York.jpg\" alt=\"\" width=\"700\" height=\"464\" srcset=\"https:\/\/www.brazilianpress.com\/v1\/wp-content\/uploads\/2019\/11\/Aclamada-cineasta-brasileira-apresenta-documentario-em-New-York.jpg 700w, https:\/\/www.brazilianpress.com\/v1\/wp-content\/uploads\/2019\/11\/Aclamada-cineasta-brasileira-apresenta-documentario-em-New-York-300x199.jpg 300w\" sizes=\"(max-width: 700px) 100vw, 700px\" \/><br \/>\n*Aclamada cineasta brasileira apresenta document\u00e1rio em New York&gt; <\/strong><strong>Como parte da s\u00e9rie de eventos promovendo os filmes mais importantes do ano, o Museum of the Moving Image (36-01 35th Avenue, Astoria, Queens) exibir\u00e1 o document\u00e1rio brasileiro &#8220;The Edge of Democracy&#8221; cotado para concorrer ao Oscar. A diretora, escritora e idealizadora do projeto Petra Costa estar\u00e1 presente durante o evento para discutir os t\u00f3picos do filme com a plateia, os \u00faltimos dias de presid\u00eancia de Lula, Dilma e as transforma\u00e7\u00f5es pol\u00edticas afetando a sociedade. Dia 15 de novembro \u00e0s 7h30 da noite. Ingresso $15. <em>INFO: <a href=\"http:\/\/www.movingimage.us\/visit\/calendar\/2019\/11\/15\/detail\/the-edge-of-democracy\">http:\/\/www.movingimage.us\/visit\/calendar\/2019\/11\/15\/detail\/the-edge-of-democracy<\/a><\/em><\/strong><\/p>\n","protected":false},"excerpt":{"rendered":"<p>*Semana da Cultura Latina em New York promove eventos musicais&gt; De 9 a 18 de novembro acontece o Latin American Cultural Week no Greenwich House Music School, Renee Weiler Concert Hall, 46 Barrow Street, abrigando espet\u00e1culos musicais de talentos emergentes vindos de v\u00e1rias partes da Am\u00e9rica Latina. Na programa\u00e7\u00e3o, Afro-Venezuela Viva liderado pelo compositor e pianista premiado com o Grammy Baden Goyo; Recital com interpreta\u00e7\u00f5es modernas de Eddy Marcano e Jorge Polance; Terra Nostra Ensemble e o grupo Harmonia del Parn\u00e0s. Ingressos $15. INFO:\u00a0 https:\/\/www.greenwichhouse.org\/events\/category\/music-school\/ \u00cdcone do Blues, Buddy Guy estreia Festival de Jazz em Newark&gt; O celebrado festival James [&hellip;]<\/p>\n","protected":false},"author":1,"featured_media":41784,"comment_status":"open","ping_status":"open","sticky":false,"template":"","format":"standard","meta":{"_links_to":"","_links_to_target":""},"categories":[20,1],"tags":[],"views":4016,"_links":{"self":[{"href":"https:\/\/www.brazilianpress.com\/v1\/wp-json\/wp\/v2\/posts\/41779"}],"collection":[{"href":"https:\/\/www.brazilianpress.com\/v1\/wp-json\/wp\/v2\/posts"}],"about":[{"href":"https:\/\/www.brazilianpress.com\/v1\/wp-json\/wp\/v2\/types\/post"}],"author":[{"embeddable":true,"href":"https:\/\/www.brazilianpress.com\/v1\/wp-json\/wp\/v2\/users\/1"}],"replies":[{"embeddable":true,"href":"https:\/\/www.brazilianpress.com\/v1\/wp-json\/wp\/v2\/comments?post=41779"}],"version-history":[{"count":1,"href":"https:\/\/www.brazilianpress.com\/v1\/wp-json\/wp\/v2\/posts\/41779\/revisions"}],"predecessor-version":[{"id":41785,"href":"https:\/\/www.brazilianpress.com\/v1\/wp-json\/wp\/v2\/posts\/41779\/revisions\/41785"}],"wp:featuredmedia":[{"embeddable":true,"href":"https:\/\/www.brazilianpress.com\/v1\/wp-json\/wp\/v2\/media\/41784"}],"wp:attachment":[{"href":"https:\/\/www.brazilianpress.com\/v1\/wp-json\/wp\/v2\/media?parent=41779"}],"wp:term":[{"taxonomy":"category","embeddable":true,"href":"https:\/\/www.brazilianpress.com\/v1\/wp-json\/wp\/v2\/categories?post=41779"},{"taxonomy":"post_tag","embeddable":true,"href":"https:\/\/www.brazilianpress.com\/v1\/wp-json\/wp\/v2\/tags?post=41779"}],"curies":[{"name":"wp","href":"https:\/\/api.w.org\/{rel}","templated":true}]}}