{"id":41786,"date":"2019-11-07T12:10:40","date_gmt":"2019-11-07T16:10:40","guid":{"rendered":"http:\/\/www.brazilianpress.com\/v1\/?p=41786"},"modified":"2019-11-07T12:10:40","modified_gmt":"2019-11-07T16:10:40","slug":"prefeito-de-cidade-japonesa-condecora-brasileiros-por-atividades-multiculturais","status":"publish","type":"post","link":"https:\/\/www.brazilianpress.com\/v1\/2019\/11\/07\/prefeito-de-cidade-japonesa-condecora-brasileiros-por-atividades-multiculturais\/","title":{"rendered":"Prefeito de cidade japonesa condecora brasileiros por atividades multiculturais"},"content":{"rendered":"<p>Na quinta-feira (31), os brasileiros Jo\u00e3o Masuko, presidente do grupo Servitu\/Servipan, e a professora Aiko Kanashiro, diretora da NPO Arase, foram condecorados na prefeitura da cidade de Hamamatsu no Jap\u00e3o.<\/p>\n<p>Eles receberam uma homenagem do prefeito da cidade, Yasutomo Suzuki, que entregou aos brasileiros um diploma e um bras\u00e3o de \u201cLouvor por Atividades Multiculturais em Hamamatsu\u201d. Durante a cerim\u00f4nia, Jo\u00e3o Masuko recebeu mais uma vez o reconhecimento pela presta\u00e7\u00e3o de servi\u00e7os volunt\u00e1rios ap\u00f3s o forte terremoto seguido de tsunami que abalou a regi\u00e3o de Tohoku em 2011. O empres\u00e1rio brasileiro reuniu 50 volunt\u00e1rios conterr\u00e2neos e distribuiu em Fukushima \u00e1gua, churrasco e outros alimentos.<\/p>\n<p><img src=\"https:\/\/blog.alternativa.co.jp\/imageNews\/Prefeitura1.jpg\" alt=\"Resultado de imagem para Jo\u00e3o Masuko\" \/><\/p>\n<p><img loading=\"lazy\" class=\"size-full wp-image-41788 alignright\" src=\"http:\/\/www.brazilianpress.com\/v1\/wp-content\/uploads\/2019\/11\/prefeito.jpg\" alt=\"\" width=\"415\" height=\"739\" srcset=\"https:\/\/www.brazilianpress.com\/v1\/wp-content\/uploads\/2019\/11\/prefeito.jpg 415w, https:\/\/www.brazilianpress.com\/v1\/wp-content\/uploads\/2019\/11\/prefeito-168x300.jpg 168w\" sizes=\"(max-width: 415px) 100vw, 415px\" \/>Lisonjeado com a homenagem, Masuko agradeceu ao prefeito e contou que n\u00e3o possui nacionalidade japonesa e \u00e9 filho de japon\u00eas. \u201cMeu pai \u00e9 natural de Fukushima e eu tenho um primo l\u00e1, que me ligou na \u00e9poca do desastre e contou que n\u00e3o podia beber \u00e1gua por causa da contamina\u00e7\u00e3o e que estavam se alimentando mal. Eu quis ir l\u00e1 ajudar, passei uma semana fazendo churrasco\u201d, contou.<\/p>\n<p>Masuko tamb\u00e9m mencionou o movimento par auxiliar os estrangeiros que est\u00e3o no Jap\u00e3o para trabalhar e que completa 30 anos em 2020 e as dificuldades que os brasileiros passaram quando vieram tentar a vida no Jap\u00e3o. Outra atividade importante a ser mencionada foi o Concurso Internacional de Karaok\u00ea, realizado duas vezes ao ano no restaurante Servitu, e que ter\u00e1 a pr\u00f3xima edi\u00e7\u00e3o no dia 17 de novembro. \u201cN\u00f3s j\u00e1 estamos na 17\u00aa edi\u00e7\u00e3o do concurso internacional, que \u00e9 um evento raro no Jap\u00e3o, com o objetivo de estreitar as rela\u00e7\u00f5es de amizade entre os japoneses, brasileiros e outros membros das comunidades estrangeiras\u201d, frisou.<\/p>\n<p>Em entrevista, Masuko comentou que recebeu com surpresa e gratid\u00e3o a homenagem. \u201cEu n\u00e3o esperava e fico muito grato. N\u00f3s fazemos bastante eventos com as comunidades estrangeiras, n\u00e3o apenas brasileiros, mas tamb\u00e9m vietnamitas, nepaleses, filipinos e outros. Sempre que poss\u00edvel ajudamos a prefeitura e a HICE (Funda\u00e7\u00e3o Internacional de Hamamatsu) na realiza\u00e7\u00e3o de eventos multiculturais. Fico muito feliz com esse gesto\u201d, contou. Aiko Kanashiro, que tamb\u00e9m foi homenageada por suas atividades culturais, tamb\u00e9m colabora com o Concurso de Karaok\u00ea como jurada. Na frente da NPO Arase, Kanashiro realiza um trabalho de extrema import\u00e2ncia na comunidade, auxiliando crian\u00e7as estrangeiras na adapta\u00e7\u00e3o ao sistema das escolas japonesas e supera\u00e7\u00e3o das dificuldades educacionais.<\/p>\n<p><img src=\"https:\/\/cdn.japantimes.2xx.jp\/wp-content\/uploads\/2018\/12\/n-hamamatsu-a-20190101.jpg\" alt=\"Resultado de imagem para Jo\u00e3o Masuko\" \/><\/p>\n","protected":false},"excerpt":{"rendered":"<p>Na quinta-feira (31), os brasileiros Jo\u00e3o Masuko, presidente do grupo Servitu\/Servipan, e a professora Aiko Kanashiro, diretora da NPO Arase, foram condecorados na prefeitura da cidade de Hamamatsu no Jap\u00e3o. Eles receberam uma homenagem do prefeito da cidade, Yasutomo Suzuki, que entregou aos brasileiros um diploma e um bras\u00e3o de \u201cLouvor por Atividades Multiculturais em Hamamatsu\u201d. Durante a cerim\u00f4nia, Jo\u00e3o Masuko recebeu mais uma vez o reconhecimento pela presta\u00e7\u00e3o de servi\u00e7os volunt\u00e1rios ap\u00f3s o forte terremoto seguido de tsunami que abalou a regi\u00e3o de Tohoku em 2011. O empres\u00e1rio brasileiro reuniu 50 volunt\u00e1rios conterr\u00e2neos e distribuiu em Fukushima \u00e1gua, churrasco [&hellip;]<\/p>\n","protected":false},"author":1,"featured_media":41789,"comment_status":"open","ping_status":"open","sticky":false,"template":"","format":"standard","meta":{"_links_to":"","_links_to_target":""},"categories":[3,8,1],"tags":[],"views":2389,"_links":{"self":[{"href":"https:\/\/www.brazilianpress.com\/v1\/wp-json\/wp\/v2\/posts\/41786"}],"collection":[{"href":"https:\/\/www.brazilianpress.com\/v1\/wp-json\/wp\/v2\/posts"}],"about":[{"href":"https:\/\/www.brazilianpress.com\/v1\/wp-json\/wp\/v2\/types\/post"}],"author":[{"embeddable":true,"href":"https:\/\/www.brazilianpress.com\/v1\/wp-json\/wp\/v2\/users\/1"}],"replies":[{"embeddable":true,"href":"https:\/\/www.brazilianpress.com\/v1\/wp-json\/wp\/v2\/comments?post=41786"}],"version-history":[{"count":1,"href":"https:\/\/www.brazilianpress.com\/v1\/wp-json\/wp\/v2\/posts\/41786\/revisions"}],"predecessor-version":[{"id":41790,"href":"https:\/\/www.brazilianpress.com\/v1\/wp-json\/wp\/v2\/posts\/41786\/revisions\/41790"}],"wp:featuredmedia":[{"embeddable":true,"href":"https:\/\/www.brazilianpress.com\/v1\/wp-json\/wp\/v2\/media\/41789"}],"wp:attachment":[{"href":"https:\/\/www.brazilianpress.com\/v1\/wp-json\/wp\/v2\/media?parent=41786"}],"wp:term":[{"taxonomy":"category","embeddable":true,"href":"https:\/\/www.brazilianpress.com\/v1\/wp-json\/wp\/v2\/categories?post=41786"},{"taxonomy":"post_tag","embeddable":true,"href":"https:\/\/www.brazilianpress.com\/v1\/wp-json\/wp\/v2\/tags?post=41786"}],"curies":[{"name":"wp","href":"https:\/\/api.w.org\/{rel}","templated":true}]}}