{"id":41794,"date":"2019-11-07T12:15:46","date_gmt":"2019-11-07T16:15:46","guid":{"rendered":"http:\/\/www.brazilianpress.com\/v1\/?p=41794"},"modified":"2019-11-07T12:15:46","modified_gmt":"2019-11-07T16:15:46","slug":"receita-federal-localiza-91-kg-de-cocaina-em-carga-de-exportacao-em-cumbica","status":"publish","type":"post","link":"https:\/\/www.brazilianpress.com\/v1\/2019\/11\/07\/receita-federal-localiza-91-kg-de-cocaina-em-carga-de-exportacao-em-cumbica\/","title":{"rendered":"Receita Federal localiza 91 kg de coca\u00edna em carga de exporta\u00e7\u00e3o em Cumbica"},"content":{"rendered":"<p>Dr<strong>oga estava oculta em 367 pacotes de caf\u00e9<\/strong><\/p>\n<p>Na ter\u00e7a-feira, 5 de novembro, a Receita Federal interceptou uma carga de exporta\u00e7\u00e3o de caf\u00e9 no aeroporto de Guarulhos. O destino da catga era a \u00c1frica. Na inspe\u00e7\u00e3o, com a ajuda dos c\u00e3es de faro, foram encontrados aproximadamente 91 kg de coca\u00edna ocultos em 367 pacotes. Toda a carga foi encaminhada para a Pol\u00edcia Federal para a per\u00edcia e prosseguimento das investiga\u00e7\u00f5es.<\/p>\n<p><img loading=\"lazy\" class=\"alignnone size-full wp-image-41795\" src=\"http:\/\/www.brazilianpress.com\/v1\/wp-content\/uploads\/2019\/11\/receita-federal-cocaina-cumbica-2.jpg\" alt=\"\" width=\"800\" height=\"600\" srcset=\"https:\/\/www.brazilianpress.com\/v1\/wp-content\/uploads\/2019\/11\/receita-federal-cocaina-cumbica-2.jpg 800w, https:\/\/www.brazilianpress.com\/v1\/wp-content\/uploads\/2019\/11\/receita-federal-cocaina-cumbica-2-300x225.jpg 300w, https:\/\/www.brazilianpress.com\/v1\/wp-content\/uploads\/2019\/11\/receita-federal-cocaina-cumbica-2-768x576.jpg 768w\" sizes=\"(max-width: 800px) 100vw, 800px\" \/> <img loading=\"lazy\" class=\"alignnone size-full wp-image-41796\" src=\"http:\/\/www.brazilianpress.com\/v1\/wp-content\/uploads\/2019\/11\/receita-federal-cocaina-cumbica-3.jpg\" alt=\"\" width=\"800\" height=\"600\" srcset=\"https:\/\/www.brazilianpress.com\/v1\/wp-content\/uploads\/2019\/11\/receita-federal-cocaina-cumbica-3.jpg 800w, https:\/\/www.brazilianpress.com\/v1\/wp-content\/uploads\/2019\/11\/receita-federal-cocaina-cumbica-3-300x225.jpg 300w, https:\/\/www.brazilianpress.com\/v1\/wp-content\/uploads\/2019\/11\/receita-federal-cocaina-cumbica-3-768x576.jpg 768w\" sizes=\"(max-width: 800px) 100vw, 800px\" \/> <img loading=\"lazy\" class=\"alignnone size-full wp-image-41797\" src=\"http:\/\/www.brazilianpress.com\/v1\/wp-content\/uploads\/2019\/11\/receita-federal-cocaina-cumbica-4.jpg\" alt=\"\" width=\"600\" height=\"800\" srcset=\"https:\/\/www.brazilianpress.com\/v1\/wp-content\/uploads\/2019\/11\/receita-federal-cocaina-cumbica-4.jpg 600w, https:\/\/www.brazilianpress.com\/v1\/wp-content\/uploads\/2019\/11\/receita-federal-cocaina-cumbica-4-225x300.jpg 225w\" sizes=\"(max-width: 600px) 100vw, 600px\" \/> <img loading=\"lazy\" class=\"alignnone size-full wp-image-41798\" src=\"http:\/\/www.brazilianpress.com\/v1\/wp-content\/uploads\/2019\/11\/receita-federal-cocaina-cumbica-5.jpg\" alt=\"\" width=\"800\" height=\"600\" srcset=\"https:\/\/www.brazilianpress.com\/v1\/wp-content\/uploads\/2019\/11\/receita-federal-cocaina-cumbica-5.jpg 800w, https:\/\/www.brazilianpress.com\/v1\/wp-content\/uploads\/2019\/11\/receita-federal-cocaina-cumbica-5-300x225.jpg 300w, https:\/\/www.brazilianpress.com\/v1\/wp-content\/uploads\/2019\/11\/receita-federal-cocaina-cumbica-5-768x576.jpg 768w\" sizes=\"(max-width: 800px) 100vw, 800px\" \/> <img loading=\"lazy\" class=\"alignnone size-full wp-image-41799\" src=\"http:\/\/www.brazilianpress.com\/v1\/wp-content\/uploads\/2019\/11\/receita-federal-cocaina-cumbica-6.jpg\" alt=\"\" width=\"799\" height=\"600\" srcset=\"https:\/\/www.brazilianpress.com\/v1\/wp-content\/uploads\/2019\/11\/receita-federal-cocaina-cumbica-6.jpg 799w, https:\/\/www.brazilianpress.com\/v1\/wp-content\/uploads\/2019\/11\/receita-federal-cocaina-cumbica-6-300x225.jpg 300w, https:\/\/www.brazilianpress.com\/v1\/wp-content\/uploads\/2019\/11\/receita-federal-cocaina-cumbica-6-768x577.jpg 768w\" sizes=\"(max-width: 799px) 100vw, 799px\" \/> <img loading=\"lazy\" class=\"alignnone size-full wp-image-41800\" src=\"http:\/\/www.brazilianpress.com\/v1\/wp-content\/uploads\/2019\/11\/receita-federal-cocaina-cumbica-1.jpg\" alt=\"\" width=\"800\" height=\"600\" srcset=\"https:\/\/www.brazilianpress.com\/v1\/wp-content\/uploads\/2019\/11\/receita-federal-cocaina-cumbica-1.jpg 800w, https:\/\/www.brazilianpress.com\/v1\/wp-content\/uploads\/2019\/11\/receita-federal-cocaina-cumbica-1-300x225.jpg 300w, https:\/\/www.brazilianpress.com\/v1\/wp-content\/uploads\/2019\/11\/receita-federal-cocaina-cumbica-1-768x576.jpg 768w\" sizes=\"(max-width: 800px) 100vw, 800px\" \/><\/p>\n","protected":false},"excerpt":{"rendered":"<p>Droga estava oculta em 367 pacotes de caf\u00e9 Na ter\u00e7a-feira, 5 de novembro, a Receita Federal interceptou uma carga de exporta\u00e7\u00e3o de caf\u00e9 no aeroporto de Guarulhos. O destino da catga era a \u00c1frica. Na inspe\u00e7\u00e3o, com a ajuda dos c\u00e3es de faro, foram encontrados aproximadamente 91 kg de coca\u00edna ocultos em 367 pacotes. Toda a carga foi encaminhada para a Pol\u00edcia Federal para a per\u00edcia e prosseguimento das investiga\u00e7\u00f5es.<\/p>\n","protected":false},"author":1,"featured_media":41796,"comment_status":"open","ping_status":"open","sticky":false,"template":"","format":"standard","meta":{"_links_to":"","_links_to_target":""},"categories":[7,3,1],"tags":[],"views":2056,"_links":{"self":[{"href":"https:\/\/www.brazilianpress.com\/v1\/wp-json\/wp\/v2\/posts\/41794"}],"collection":[{"href":"https:\/\/www.brazilianpress.com\/v1\/wp-json\/wp\/v2\/posts"}],"about":[{"href":"https:\/\/www.brazilianpress.com\/v1\/wp-json\/wp\/v2\/types\/post"}],"author":[{"embeddable":true,"href":"https:\/\/www.brazilianpress.com\/v1\/wp-json\/wp\/v2\/users\/1"}],"replies":[{"embeddable":true,"href":"https:\/\/www.brazilianpress.com\/v1\/wp-json\/wp\/v2\/comments?post=41794"}],"version-history":[{"count":1,"href":"https:\/\/www.brazilianpress.com\/v1\/wp-json\/wp\/v2\/posts\/41794\/revisions"}],"predecessor-version":[{"id":41801,"href":"https:\/\/www.brazilianpress.com\/v1\/wp-json\/wp\/v2\/posts\/41794\/revisions\/41801"}],"wp:featuredmedia":[{"embeddable":true,"href":"https:\/\/www.brazilianpress.com\/v1\/wp-json\/wp\/v2\/media\/41796"}],"wp:attachment":[{"href":"https:\/\/www.brazilianpress.com\/v1\/wp-json\/wp\/v2\/media?parent=41794"}],"wp:term":[{"taxonomy":"category","embeddable":true,"href":"https:\/\/www.brazilianpress.com\/v1\/wp-json\/wp\/v2\/categories?post=41794"},{"taxonomy":"post_tag","embeddable":true,"href":"https:\/\/www.brazilianpress.com\/v1\/wp-json\/wp\/v2\/tags?post=41794"}],"curies":[{"name":"wp","href":"https:\/\/api.w.org\/{rel}","templated":true}]}}