{"id":41807,"date":"2019-11-07T12:23:20","date_gmt":"2019-11-07T16:23:20","guid":{"rendered":"http:\/\/www.brazilianpress.com\/v1\/?p=41807"},"modified":"2019-11-07T12:23:20","modified_gmt":"2019-11-07T16:23:20","slug":"imigrantes-brasileiros-ficaram-detidos-mais-tempo-do-que-o-necessario-na-fronteira-com-o-mexico","status":"publish","type":"post","link":"https:\/\/www.brazilianpress.com\/v1\/2019\/11\/07\/imigrantes-brasileiros-ficaram-detidos-mais-tempo-do-que-o-necessario-na-fronteira-com-o-mexico\/","title":{"rendered":"Imigrantes brasileiros ficaram detidos mais tempo do que o necess\u00e1rio na fronteira com o M\u00e9xico"},"content":{"rendered":"<p><strong>Mais de 50 brasileiros, incluindo pais e filhos, passaram entre 15 e 25 dias em\u00a0instala\u00e7\u00f5es semelhantes a tendas\u00a0na fronteira entre os\u00a0Estados Unidos\u00a0e o\u00a0M\u00e9xico, informou reportagem do jornal &#8220;Washington Post&#8221; na ter\u00e7a-feira (5).<\/strong><\/p>\n<p>O per\u00edodo \u00e9 superior ao\u00a0prazo de tr\u00eas dias\u00a0estipulado pelas autoridades norte-americanas para evitar superlota\u00e7\u00f5es nos abrigos pr\u00f3ximos \u00e0 fronteira, que recentemente receberam\u00a0cr\u00edticas devido \u00e0s m\u00e1s condi\u00e7\u00f5es. Ainda segundo o &#8220;Post&#8221;, o Minist\u00e9rio das Rela\u00e7\u00f5es Exteriores brasileiro disse que as fam\u00edlias ficaram em El Paso at\u00e9 serem deportadas em um voo para Belo Horizonte em 25 de outubro. As autoridades norte-americanas tamb\u00e9m confirmaram cerca de 70 brasileiros foram retirados dos EUA no m\u00eas passado e j\u00e1 foram deportados, incluindo um mineiro preso por crimes. Entretanto, n\u00e3o h\u00e1 informa\u00e7\u00e3o clara sobre o tempo que essas pessoas passaram detidas ou por que n\u00e3o foram enviadas a outros abrigos no pa\u00eds ap\u00f3s a deten\u00e7\u00e3o.<\/p>\n<p>De acordo com o escrit\u00f3rio de Prote\u00e7\u00e3o a Alf\u00e2ndegas e Fronteiras, as fam\u00edlias dormiam em um grande quarto nas instala\u00e7\u00f5es, descritas como &#8220;fortes e compactas&#8221; com &#8220;paredes de borracha pressurizada&#8221;. Os detidos tinham acesso a chuveiros, banheiros, lavanderia e refei\u00e7\u00f5es quentes, incluindo comida para beb\u00eas. Como esse grupo de brasileiros entrou nos EUA irregularmente pela fronteira com o M\u00e9xico e n\u00e3o pediu asilo, diferentemente do que fazem muitos dos\u00a0migrantes da Am\u00e9rica Central que viajam em caravanas, eles foram deportados sem um processo mais longo. Por\u00e9m, segundo o &#8220;Post&#8221;, o processo demorou mais do que o normal por quest\u00f5es log\u00edsticas, as autoridades norte-americanas n\u00e3o informaram quais s\u00e3o. Ainda de acordo com o governo dos EUA, cerca de\u00a017 mil migrantes brasileiros\u00a0chegaram em El Paso no Texas, no \u00faltimo ano fiscal.<\/p>\n<p>&nbsp;<\/p>\n","protected":false},"excerpt":{"rendered":"<p>Mais de 50 brasileiros, incluindo pais e filhos, passaram entre 15 e 25 dias em\u00a0instala\u00e7\u00f5es semelhantes a tendas\u00a0na fronteira entre os\u00a0Estados Unidos\u00a0e o\u00a0M\u00e9xico, informou reportagem do jornal &#8220;Washington Post&#8221; na ter\u00e7a-feira (5). O per\u00edodo \u00e9 superior ao\u00a0prazo de tr\u00eas dias\u00a0estipulado pelas autoridades norte-americanas para evitar superlota\u00e7\u00f5es nos abrigos pr\u00f3ximos \u00e0 fronteira, que recentemente receberam\u00a0cr\u00edticas devido \u00e0s m\u00e1s condi\u00e7\u00f5es. Ainda segundo o &#8220;Post&#8221;, o Minist\u00e9rio das Rela\u00e7\u00f5es Exteriores brasileiro disse que as fam\u00edlias ficaram em El Paso at\u00e9 serem deportadas em um voo para Belo Horizonte em 25 de outubro. As autoridades norte-americanas tamb\u00e9m confirmaram cerca de 70 brasileiros foram retirados [&hellip;]<\/p>\n","protected":false},"author":1,"featured_media":41808,"comment_status":"open","ping_status":"open","sticky":false,"template":"","format":"standard","meta":{"_links_to":"","_links_to_target":""},"categories":[3,1,10],"tags":[],"views":2297,"_links":{"self":[{"href":"https:\/\/www.brazilianpress.com\/v1\/wp-json\/wp\/v2\/posts\/41807"}],"collection":[{"href":"https:\/\/www.brazilianpress.com\/v1\/wp-json\/wp\/v2\/posts"}],"about":[{"href":"https:\/\/www.brazilianpress.com\/v1\/wp-json\/wp\/v2\/types\/post"}],"author":[{"embeddable":true,"href":"https:\/\/www.brazilianpress.com\/v1\/wp-json\/wp\/v2\/users\/1"}],"replies":[{"embeddable":true,"href":"https:\/\/www.brazilianpress.com\/v1\/wp-json\/wp\/v2\/comments?post=41807"}],"version-history":[{"count":1,"href":"https:\/\/www.brazilianpress.com\/v1\/wp-json\/wp\/v2\/posts\/41807\/revisions"}],"predecessor-version":[{"id":41809,"href":"https:\/\/www.brazilianpress.com\/v1\/wp-json\/wp\/v2\/posts\/41807\/revisions\/41809"}],"wp:featuredmedia":[{"embeddable":true,"href":"https:\/\/www.brazilianpress.com\/v1\/wp-json\/wp\/v2\/media\/41808"}],"wp:attachment":[{"href":"https:\/\/www.brazilianpress.com\/v1\/wp-json\/wp\/v2\/media?parent=41807"}],"wp:term":[{"taxonomy":"category","embeddable":true,"href":"https:\/\/www.brazilianpress.com\/v1\/wp-json\/wp\/v2\/categories?post=41807"},{"taxonomy":"post_tag","embeddable":true,"href":"https:\/\/www.brazilianpress.com\/v1\/wp-json\/wp\/v2\/tags?post=41807"}],"curies":[{"name":"wp","href":"https:\/\/api.w.org\/{rel}","templated":true}]}}