{"id":41810,"date":"2019-11-07T19:14:37","date_gmt":"2019-11-07T23:14:37","guid":{"rendered":"http:\/\/www.brazilianpress.com\/v1\/?p=41810"},"modified":"2019-11-07T19:14:37","modified_gmt":"2019-11-07T23:14:37","slug":"conmebol-flamengo-e-river-plate-decidem-final-da-libertadores-sai-de-santiago-e-sera-em-lima-no-dia-23-de-novembro","status":"publish","type":"post","link":"https:\/\/www.brazilianpress.com\/v1\/2019\/11\/07\/conmebol-flamengo-e-river-plate-decidem-final-da-libertadores-sai-de-santiago-e-sera-em-lima-no-dia-23-de-novembro\/","title":{"rendered":"Conmebol, Flamengo e River Plate decidem: final da Libertadores sai de Santiago e ser\u00e1 em Lima no dia 23 de novembro"},"content":{"rendered":"<p>A final da Copa Libertadores de 2019, entre Flamengo e River Plate, ser\u00e1 no Estadio Monumental de Lima, no Peru, \u00e0s 17h (de Bras\u00edlia).<\/p>\n<p>A decis\u00e3o foi tomada nesta ter\u00e7a-feira, numa reuni\u00e3o organizada pela Conmebol que durou cerca de cinco horas, da qual participaram os presidentes do Flamengo, Rodolfo Landim, e do River Plate, Rodolfo D&#8217;Onofrio. Tamb\u00e9m estavam no encontro os presidentes da CBF, Rog\u00e9rio Caboclo, e da AFA, Claudio Tapia.<\/p>\n<p>A capacidade para 80 mil pessoas do Estadio Monumental pesou na escolha. A diferen\u00e7a do hor\u00e1rio \u00e9 de apenas 30 minutos mais cedo se comparado com o que estava definido para Santiago, o que a Conmebol v\u00ea como ben\u00e9fico j\u00e1 que seria um hor\u00e1rio interessante para passar na Europa.<\/p>\n<p>O jogo estava inicialmente previsto para o Est\u00e1dio Nacional, em Santiago, onde cabem 50 mil pessoas. Mas os protestos que abalam o Chile h\u00e1 mais de tr\u00eas semanas tornaram imposs\u00edvel a manuten\u00e7\u00e3o do plano original. Em conjunto, a confedera\u00e7\u00e3o continental e os clubes n\u00e3o quiseram correr os riscos de manter o jogo na capital chilena \u2013 e nem expor torcedores e patrocinadores a situa\u00e7\u00f5es de perigo.<\/p>\n<p>Tamb\u00e9m pesou o fato de o futebol chileno estar paralisado h\u00e1 mais de tr\u00eas semanas, quando come\u00e7aram os protestos. Na v\u00e9spera da reuni\u00e3o na Conmebol, o prefeito de Santiago, Felipe Guevara, declarou que n\u00e3o faria sentido organizar uma partida internacional antes da retomada do futebol local.<\/p>\n<p>Em maio deste ano,\u00a0Lima foi trocada por Assun\u00e7\u00e3o como sede da final da Sul-Americana. Na ocasi\u00e3o, a Conmebol alegou falhas em &#8220;quest\u00f5es de organiza\u00e7\u00e3o&#8221; para realizar a decis\u00e3o, que ser\u00e1 na capital do Paraguai. Mais cedo, em fevereiro, a\u00a0Fifa optou por retirar o Mundial Sub-17 do pa\u00eds\u00a0e transferir para o Brasil, onde est\u00e1 sendo realizado neste m\u00eas.<\/p>\n<p>Nesta sexta-feira, um amistoso entre as sele\u00e7\u00f5es de Chile e Bol\u00edvia, que estava previsto para o dia 15 de novembro em Concepci\u00f3n, tamb\u00e9m foi cancelado.<\/p>\n<p>A postura da Conmebol sobre a situa\u00e7\u00e3o do Chile foi mudando ao longo das \u00faltimas semanas. Quando os protestos come\u00e7aram, a confedera\u00e7\u00e3o avaliou \u2013 com base nas informa\u00e7\u00f5es que recebia do governo chileno \u2013 que tudo se acalmaria at\u00e9 a decis\u00e3o da Libertadores.<\/p>\n<p>Na semana passada, com o cancelamento da COP-25 (Confer\u00eancia do Clima) e da APEC (C\u00fapula da Alian\u00e7a \u00c1sia-Pac\u00edfico), o sinal amarelo acendeu na Conmebol. Ainda assim, depois de novas conversas com as autoridades do Chile, decidiram manter o jogo em Santiago. A ministra do Esporte chilena, Cec\u00edlia Perez, chegou a bancar a realiza\u00e7\u00e3o do jogo em uma entrevista coletiva.<\/p>\n<p>Nesta semana, a temperatura subiu e n\u00e3o restou op\u00e7\u00e3o a n\u00e3o ser tirar o jogo do Chile. Na tarde de segunda-feira, uma reuni\u00e3o por telefone entre os presidentes da Conmebol, CBF e AFA, ficou claro que n\u00e3o haveria condi\u00e7\u00f5es para manter a partida em Santiago. Ainda faltava ouvir a posi\u00e7\u00e3o dos clubes. Por isso Landim e D&#8217;Onofrio foram convocados para a reuni\u00e3o desta ter\u00e7a em Luque, quando o martelo foi batido.<\/p>\n","protected":false},"excerpt":{"rendered":"<p>A final da Copa Libertadores de 2019, entre Flamengo e River Plate, ser\u00e1 no Estadio Monumental de Lima, no Peru, \u00e0s 17h (de Bras\u00edlia). A decis\u00e3o foi tomada nesta ter\u00e7a-feira, numa reuni\u00e3o organizada pela Conmebol que durou cerca de cinco horas, da qual participaram os presidentes do Flamengo, Rodolfo Landim, e do River Plate, Rodolfo D&#8217;Onofrio. Tamb\u00e9m estavam no encontro os presidentes da CBF, Rog\u00e9rio Caboclo, e da AFA, Claudio Tapia. A capacidade para 80 mil pessoas do Estadio Monumental pesou na escolha. A diferen\u00e7a do hor\u00e1rio \u00e9 de apenas 30 minutos mais cedo se comparado com o que estava [&hellip;]<\/p>\n","protected":false},"author":1,"featured_media":41811,"comment_status":"open","ping_status":"open","sticky":false,"template":"","format":"standard","meta":{"_links_to":"","_links_to_target":""},"categories":[9,1],"tags":[],"views":1440,"_links":{"self":[{"href":"https:\/\/www.brazilianpress.com\/v1\/wp-json\/wp\/v2\/posts\/41810"}],"collection":[{"href":"https:\/\/www.brazilianpress.com\/v1\/wp-json\/wp\/v2\/posts"}],"about":[{"href":"https:\/\/www.brazilianpress.com\/v1\/wp-json\/wp\/v2\/types\/post"}],"author":[{"embeddable":true,"href":"https:\/\/www.brazilianpress.com\/v1\/wp-json\/wp\/v2\/users\/1"}],"replies":[{"embeddable":true,"href":"https:\/\/www.brazilianpress.com\/v1\/wp-json\/wp\/v2\/comments?post=41810"}],"version-history":[{"count":1,"href":"https:\/\/www.brazilianpress.com\/v1\/wp-json\/wp\/v2\/posts\/41810\/revisions"}],"predecessor-version":[{"id":41812,"href":"https:\/\/www.brazilianpress.com\/v1\/wp-json\/wp\/v2\/posts\/41810\/revisions\/41812"}],"wp:featuredmedia":[{"embeddable":true,"href":"https:\/\/www.brazilianpress.com\/v1\/wp-json\/wp\/v2\/media\/41811"}],"wp:attachment":[{"href":"https:\/\/www.brazilianpress.com\/v1\/wp-json\/wp\/v2\/media?parent=41810"}],"wp:term":[{"taxonomy":"category","embeddable":true,"href":"https:\/\/www.brazilianpress.com\/v1\/wp-json\/wp\/v2\/categories?post=41810"},{"taxonomy":"post_tag","embeddable":true,"href":"https:\/\/www.brazilianpress.com\/v1\/wp-json\/wp\/v2\/tags?post=41810"}],"curies":[{"name":"wp","href":"https:\/\/api.w.org\/{rel}","templated":true}]}}